{"id":67649,"date":"2024-12-03T13:25:40","date_gmt":"2024-12-03T12:25:40","guid":{"rendered":"https:\/\/www.settdagarna.se\/?p=67649"},"modified":"2025-10-23T15:19:29","modified_gmt":"2025-10-23T13:19:29","slug":"forsta-talarna-vid-sett-2025","status":"publish","type":"post","link":"https:\/\/www.settdagarna.se\/sv\/2024\/12\/03\/forsta-talarna-vid-sett-2025\/","title":{"rendered":"F\u00f6rsta talarna vid Sett 2025"},"content":{"rendered":"\t\t<div data-elementor-type=\"wp-post\" data-elementor-id=\"67649\" class=\"elementor elementor-67649\" data-elementor-post-type=\"post\">\n\t\t\t\t\t\t<section class=\"elementor-section elementor-top-section elementor-element elementor-element-e0a6fa0 elementor-section-boxed elementor-section-height-default elementor-section-height-default\" data-id=\"e0a6fa0\" data-element_type=\"section\" data-settings=\"{&quot;background_background&quot;:&quot;classic&quot;}\">\n\t\t\t\t\t\t<div class=\"elementor-container elementor-column-gap-default\">\n\t\t\t\t\t<div class=\"elementor-column elementor-col-100 elementor-top-column elementor-element elementor-element-e75f484\" data-id=\"e75f484\" data-element_type=\"column\">\n\t\t\t<div class=\"elementor-widget-wrap elementor-element-populated\">\n\t\t\t\t\t\t<div class=\"elementor-element elementor-element-7cf662f elementor-widget elementor-widget-spacer\" data-id=\"7cf662f\" data-element_type=\"widget\" data-widget_type=\"spacer.default\">\n\t\t\t\t<div class=\"elementor-widget-container\">\n\t\t\t\t\t\t\t<div class=\"elementor-spacer\">\n\t\t\t<div class=\"elementor-spacer-inner\"><\/div>\n\t\t<\/div>\n\t\t\t\t\t\t<\/div>\n\t\t\t\t<\/div>\n\t\t\t\t\t<\/div>\n\t\t<\/div>\n\t\t\t\t\t<\/div>\n\t\t<\/section>\n\t\t\t\t<section class=\"elementor-section elementor-top-section elementor-element elementor-element-8b3ff44 elementor-section-boxed elementor-section-height-default elementor-section-height-default\" data-id=\"8b3ff44\" data-element_type=\"section\">\n\t\t\t\t\t\t<div class=\"elementor-container elementor-column-gap-default\">\n\t\t\t\t\t<div class=\"elementor-column elementor-col-66 elementor-top-column elementor-element elementor-element-4c96264\" data-id=\"4c96264\" data-element_type=\"column\" data-settings=\"{&quot;background_background&quot;:&quot;classic&quot;}\">\n\t\t\t<div class=\"elementor-widget-wrap elementor-element-populated\">\n\t\t\t\t\t\t<div class=\"elementor-element elementor-element-d301658 elementor-widget elementor-widget-image\" data-id=\"d301658\" data-element_type=\"widget\" data-widget_type=\"image.default\">\n\t\t\t\t<div class=\"elementor-widget-container\">\n\t\t\t\t\t\t\t\t\t\t\t\t\t\t\t<img fetchpriority=\"high\" decoding=\"async\" width=\"800\" height=\"508\" src=\"https:\/\/easyfairsassets.com\/sites\/140\/2024\/12\/Sett_Forsta-talarna.png\" class=\"attachment-large size-large wp-image-67668\" alt=\"\" srcset=\"https:\/\/easyfairsassets.com\/sites\/140\/2024\/12\/Sett_Forsta-talarna.png 989w, https:\/\/easyfairsassets.com\/sites\/140\/2024\/12\/Sett_Forsta-talarna-300x190.png 300w, https:\/\/easyfairsassets.com\/sites\/140\/2024\/12\/Sett_Forsta-talarna-768x488.png 768w\" sizes=\"(max-width: 800px) 100vw, 800px\" \/>\t\t\t\t\t\t\t\t\t\t\t\t\t\t\t<\/div>\n\t\t\t\t<\/div>\n\t\t\t\t<div class=\"elementor-element elementor-element-6fc3f49 elementor-widget elementor-widget-heading\" data-id=\"6fc3f49\" data-element_type=\"widget\" data-widget_type=\"heading.default\">\n\t\t\t\t<div class=\"elementor-widget-container\">\n\t\t\t\t\t<h1 class=\"elementor-heading-title elementor-size-default\">F\u00f6rsta talarna vid Sett 2025<\/h1>\t\t\t\t<\/div>\n\t\t\t\t<\/div>\n\t\t\t\t<div class=\"elementor-element elementor-element-bfacc84 elementor-widget elementor-widget-text-editor\" data-id=\"bfacc84\" data-element_type=\"widget\" data-widget_type=\"text-editor.default\">\n\t\t\t\t<div class=\"elementor-widget-container\">\n\t\t\t\t\t\t\t\t\t<p>Vi \u00e4r glada att kunna presentera de f\u00f6rsta talarna inf\u00f6r Sett 2025. Dessa \u00e4r ett urval av en imponerande grupp av experter som representerar en bred kunskapsbas och erfarenhet som speglar konferensens tema &#8211; pedagogik, innovation och tradition och ger alla exempel p\u00e5 hur vi kan bygga vidare p\u00e5 starka grunder.<\/p>\t\t\t\t\t\t\t\t<\/div>\n\t\t\t\t<\/div>\n\t\t\t\t<div class=\"elementor-element elementor-element-d6a28e0 elementor-widget elementor-widget-text-editor\" data-id=\"d6a28e0\" data-element_type=\"widget\" data-widget_type=\"text-editor.default\">\n\t\t\t\t<div class=\"elementor-widget-container\">\n\t\t\t\t\t\t\t\t\t<p><strong>Anna Tebelius Bodin<\/strong><br \/>Anna Tebelius Bodin \u00e4r en f\u00f6rel\u00e4sare och f\u00f6rfattare som fokuserar p\u00e5 hur hj\u00e4rnan p\u00e5verkar v\u00e5ra beteenden, k\u00e4nslor och tankem\u00f6nster. Med en examen fr\u00e5n Harvard University har hon under m\u00e5nga \u00e5r utbildat organisationer, myndigheter och skolor om psykologin bakom sj\u00e4lvledarskap, l\u00e4rande och v\u00e4lbefinnande. Hennes f\u00f6rel\u00e4sningar bygger p\u00e5 neurovetenskap och ger praktiska insikter om hur vi kan f\u00f6rst\u00e5 och p\u00e5verka v\u00e5ra egna och andras upplevelser i en digitaliserad v\u00e4rld.<br \/><br \/><strong>Programpunkt:<\/strong> \u201dDet tidl\u00f6sa ledarskapet: Att leda och ber\u00f6ra utifr\u00e5n hj\u00e4rnan i en f\u00f6r\u00e4nderlig v\u00e4rld&#8221;<br \/><br \/>I en tid av teknologisk innovation och snabba f\u00f6r\u00e4ndringar beh\u00f6ver vi ledarskap som grundar sig i m\u00e4nskliga relationer och neurologiska insikter. Anna Tebelius Bodin tar oss med p\u00e5 en tankev\u00e4ckande resa om hur vi som ledare kan skapa trygghet, mod och motivation i v\u00e5ra organisationer. Genom att kombinera vetenskapligt f\u00f6rankrade perspektiv med tidl\u00f6sa principer ger hon oss verktyg att bygga vidare p\u00e5 starka grunder \u2013 d\u00e4r emotionell p\u00e5verkan och kommunikation blir nyckeln till en h\u00e5llbar utveckling i skolan och samh\u00e4llet.<br \/><br \/><strong>Jonna Bornemark<\/strong><br \/>Jonna Bornemark \u00e4r f\u00f6rel\u00e4sare, f\u00f6rfattare och professor i filosofi vid Centrum f\u00f6r praktisk kunskap p\u00e5 S\u00f6dert\u00f6rns h\u00f6gskola. Hennes verk utforskar teman som kunskapens gr\u00e4nser, f\u00f6rnuft och omd\u00f6me. Hennes f\u00f6rel\u00e4sningar kombinerar intellektuell sk\u00e4rpa med tillg\u00e4ngliga metaforer och praktiska exempel.<br \/><br \/><strong>Programpunkt:<\/strong> \u201dAI och m\u00e4nskligt omd\u00f6me: Att f\u00f6rena teknikens m\u00f6jligheter med undervisningens k\u00e4rna&#8221;<br \/><br \/>Hur p\u00e5verkar AI v\u00e5r syn p\u00e5 l\u00e4rande, relationer och det professionella omd\u00f6met? Jonna Bornemark utforskar balansen mellan m\u00e4nniska och maskin i en tid d\u00e4r AI snabbt vinner mark \u00e4ven inom pedagogiska yrken. Hon belyser hur vi kan anv\u00e4nda teknologin som ett kraftfullt verktyg utan att f\u00f6rlora det som inte kan m\u00e4tas \u2013 den m\u00e4nskliga erfarenheten, situationsf\u00f6rst\u00e5elsen och omd\u00f6mesf\u00f6rm\u00e5gan. Med koppling till \u00e5rets tema visar hon hur vi kan kombinera tradition och innovation f\u00f6r att st\u00e4rka skolans k\u00e4rnuppdrag och m\u00f6ta framtidens krav.<\/p><p><strong>Per Falk<\/strong><br \/>Per Falk \u00e4r en utvecklingsledare inom l\u00e4rande och bildning i Sundbybergs kommun, processledare vid Kvasar Makerspace och undervisar p\u00e5 f\u00f6rskoll\u00e4rarprogrammet vid Stockholms universitet. Per arbetar f\u00f6r att skapa inkluderande och kreativa l\u00e4rmilj\u00f6er, d\u00e4r teknik, estetik och h\u00e5llbarhet samspelar f\u00f6r att inspirera b\u00e5de barn och l\u00e4rare.<\/p><p><strong>Programpunkt:<\/strong> &#8221;Att rusta barn, elever och pedagoger f\u00f6r ett teknikdrivet och f\u00f6r\u00e4nderligt samh\u00e4lle&#8221;<\/p><p>Hur kan vi rusta elever och l\u00e4rare f\u00f6r ett teknikdrivet samh\u00e4lle d\u00e4r kunskapskraven st\u00e4ndigt f\u00f6r\u00e4ndras? Per Falk delar konkreta exempel fr\u00e5n sitt arbete med makerspaces, digitala l\u00e4rmilj\u00f6er och innovativa workshops. L\u00e4r dig hur du kan skapa milj\u00f6er som st\u00e4rker kritiskt t\u00e4nkande, samarbetsf\u00f6rm\u00e5ga och kreativitet \u2013 och hur du bygger ett l\u00e4rande som st\u00e5r starkt i en v\u00e4rld fylld av motstridiga budskap. F\u00f6rel\u00e4sningen ger dig praktiska strategier f\u00f6r att m\u00f6ta framtidens kunskapsbehov med engagemang och nyfikenhet!<br \/><br \/><strong>Fram\u00e5tblickande och inspirerande<\/strong><br \/>Dessa talare \u00e4r bara b\u00f6rjan p\u00e5 det som g\u00f6r Sett 2025 till \u00e5rets sj\u00e4lvklara m\u00f6tesplats f\u00f6r alla inom utbildningssektorn. Genom att samla olika perspektiv och id\u00e9er erbjuder konferensen l\u00f6sningar p\u00e5 b\u00e5de dagens och framtidens utmaningar inom l\u00e4rande och utveckling. Vi ser fram emot att v\u00e4lkomna v\u00e5ra inspirerande talare och alla deltagare till en upplevelse fylld av insikter och nya m\u00f6jligheter. Programmet uppdateras l\u00f6pande och snart sl\u00e4pper vi fler sp\u00e4nnande inslag inf\u00f6r v\u00e5rens stora m\u00f6tesplats. H\u00e5ll \u00f6gonen \u00f6ppna \u2013 snart t\u00e4nder vi programmet!<\/p>\t\t\t\t\t\t\t\t<\/div>\n\t\t\t\t<\/div>\n\t\t\t\t<div class=\"elementor-element elementor-element-41d9b40 elementor-align-left elementor-mobile-align-left elementor-widget elementor-widget-button\" data-id=\"41d9b40\" data-element_type=\"widget\" data-widget_type=\"button.default\">\n\t\t\t\t<div class=\"elementor-widget-container\">\n\t\t\t\t\t\t\t\t\t<div class=\"elementor-button-wrapper\">\n\t\t\t\t\t<a class=\"elementor-button elementor-button-link elementor-size-sm elementor-animation-grow\" href=\"https:\/\/www.settdagarna.se\/sv\/artiklar\/\">\n\t\t\t\t\t\t<span class=\"elementor-button-content-wrapper\">\n\t\t\t\t\t\t\t\t\t<span class=\"elementor-button-text\">Alla nyheter<\/span>\n\t\t\t\t\t<\/span>\n\t\t\t\t\t<\/a>\n\t\t\t\t<\/div>\n\t\t\t\t\t\t\t\t<\/div>\n\t\t\t\t<\/div>\n\t\t\t\t\t<\/div>\n\t\t<\/div>\n\t\t\t\t<div class=\"elementor-column elementor-col-33 elementor-top-column elementor-element elementor-element-4f0075a\" data-id=\"4f0075a\" data-element_type=\"column\">\n\t\t\t<div class=\"elementor-widget-wrap elementor-element-populated\">\n\t\t\t\t\t\t<div class=\"elementor-element elementor-element-6f54a6c elementor-widget elementor-widget-heading\" data-id=\"6f54a6c\" data-element_type=\"widget\" data-widget_type=\"heading.default\">\n\t\t\t\t<div class=\"elementor-widget-container\">\n\t\t\t\t\t<h4 class=\"elementor-heading-title elementor-size-default\">Dela inl\u00e4gget:<\/h4>\t\t\t\t<\/div>\n\t\t\t\t<\/div>\n\t\t\t\t<div class=\"elementor-element elementor-element-f2042fa elementor-share-buttons--view-icon elementor-share-buttons--shape-circle elementor-share-buttons--color-custom elementor-share-buttons--skin-gradient elementor-grid-0 elementor-widget elementor-widget-share-buttons\" data-id=\"f2042fa\" data-element_type=\"widget\" data-widget_type=\"share-buttons.default\">\n\t\t\t\t<div class=\"elementor-widget-container\">\n\t\t\t\t\t\t\t<div class=\"elementor-grid\" role=\"list\">\n\t\t\t\t\t\t\t\t<div class=\"elementor-grid-item\" role=\"listitem\">\n\t\t\t\t\t\t<div class=\"elementor-share-btn elementor-share-btn_facebook\" role=\"button\" tabindex=\"0\" aria-label=\"Share on facebook\">\n\t\t\t\t\t\t\t\t\t\t\t\t\t\t\t<span class=\"elementor-share-btn__icon\">\n\t\t\t\t\t\t\t\t<i class=\"fab fa-facebook\" aria-hidden=\"true\"><\/i>\t\t\t\t\t\t\t<\/span>\n\t\t\t\t\t\t\t\t\t\t\t\t\t\t\t\t\t\t\t\t<\/div>\n\t\t\t\t\t<\/div>\n\t\t\t\t\t\t\t\t\t<div class=\"elementor-grid-item\" role=\"listitem\">\n\t\t\t\t\t\t<div class=\"elementor-share-btn elementor-share-btn_linkedin\" role=\"button\" tabindex=\"0\" aria-label=\"Share on linkedin\">\n\t\t\t\t\t\t\t\t\t\t\t\t\t\t\t<span class=\"elementor-share-btn__icon\">\n\t\t\t\t\t\t\t\t<i class=\"fab fa-linkedin\" aria-hidden=\"true\"><\/i>\t\t\t\t\t\t\t<\/span>\n\t\t\t\t\t\t\t\t\t\t\t\t\t\t\t\t\t\t\t\t<\/div>\n\t\t\t\t\t<\/div>\n\t\t\t\t\t\t<\/div>\n\t\t\t\t\t\t<\/div>\n\t\t\t\t<\/div>\n\t\t\t\t<div class=\"elementor-element elementor-element-85a9323 elementor-widget elementor-widget-heading\" data-id=\"85a9323\" data-element_type=\"widget\" data-widget_type=\"heading.default\">\n\t\t\t\t<div class=\"elementor-widget-container\">\n\t\t\t\t\t<h4 class=\"elementor-heading-title elementor-size-default\">Senaste:<\/h4>\t\t\t\t<\/div>\n\t\t\t\t<\/div>\n\t\t\t\t<div class=\"elementor-element elementor-element-ad9641b elementor-grid-1 elementor-posts--thumbnail-left elementor-grid-tablet-2 elementor-grid-mobile-1 elementor-widget elementor-widget-posts\" data-id=\"ad9641b\" data-element_type=\"widget\" data-settings=\"{&quot;classic_columns&quot;:&quot;1&quot;,&quot;classic_row_gap&quot;:{&quot;unit&quot;:&quot;px&quot;,&quot;size&quot;:&quot;20&quot;,&quot;sizes&quot;:[]},&quot;classic_columns_tablet&quot;:&quot;2&quot;,&quot;classic_columns_mobile&quot;:&quot;1&quot;,&quot;classic_row_gap_tablet&quot;:{&quot;unit&quot;:&quot;px&quot;,&quot;size&quot;:&quot;&quot;,&quot;sizes&quot;:[]},&quot;classic_row_gap_mobile&quot;:{&quot;unit&quot;:&quot;px&quot;,&quot;size&quot;:&quot;&quot;,&quot;sizes&quot;:[]}}\" data-widget_type=\"posts.classic\">\n\t\t\t\t<div class=\"elementor-widget-container\">\n\t\t\t\t\t\t\t<div class=\"elementor-posts-container elementor-posts elementor-posts--skin-classic elementor-grid\" role=\"list\">\n\t\t\t\t<article class=\"elementor-post elementor-grid-item post-99055 post type-post status-publish format-standard has-post-thumbnail hentry category-uncategorized\" role=\"listitem\">\n\t\t\t\t<a class=\"elementor-post__thumbnail__link\" href=\"https:\/\/www.settdagarna.se\/sv\/2026\/04\/09\/verktyg-metoder-och-verklighet-praktiska-workshopar-fran-sett-2026\/\" tabindex=\"-1\" >\n\t\t\t<div class=\"elementor-post__thumbnail\"><img decoding=\"async\" width=\"300\" height=\"180\" src=\"https:\/\/easyfairsassets.com\/sites\/140\/2026\/04\/Blogg_Workshops-300x180.png\" class=\"attachment-medium size-medium wp-image-99068\" alt=\"Tv\u00e5 tjejer som pysslar\" srcset=\"https:\/\/easyfairsassets.com\/sites\/140\/2026\/04\/Blogg_Workshops-300x180.png 300w, https:\/\/easyfairsassets.com\/sites\/140\/2026\/04\/Blogg_Workshops-1024x616.png 1024w, https:\/\/easyfairsassets.com\/sites\/140\/2026\/04\/Blogg_Workshops-768x462.png 768w, https:\/\/easyfairsassets.com\/sites\/140\/2026\/04\/Blogg_Workshops.png 1501w\" sizes=\"(max-width: 300px) 100vw, 300px\" \/><\/div>\n\t\t<\/a>\n\t\t\t\t<div class=\"elementor-post__text\">\n\t\t\t\t<h3 class=\"elementor-post__title\">\n\t\t\t<a href=\"https:\/\/www.settdagarna.se\/sv\/2026\/04\/09\/verktyg-metoder-och-verklighet-praktiska-workshopar-fran-sett-2026\/\" >\n\t\t\t\tVerktyg, metoder och verklighet \u2013 praktiska workshopar p\u00e5 Sett 2026\t\t\t<\/a>\n\t\t<\/h3>\n\t\t\n\t\t<a class=\"elementor-post__read-more\" href=\"https:\/\/www.settdagarna.se\/sv\/2026\/04\/09\/verktyg-metoder-och-verklighet-praktiska-workshopar-fran-sett-2026\/\" aria-label=\"Read more about Verktyg, metoder och verklighet \u2013 praktiska workshopar p\u00e5 Sett 2026\" tabindex=\"-1\" >\n\t\t\tL\u00e4s mer \u00bb\t\t<\/a>\n\n\t\t\t\t<\/div>\n\t\t\t\t<\/article>\n\t\t\t\t<article class=\"elementor-post elementor-grid-item post-98639 post type-post status-publish format-standard has-post-thumbnail hentry category-okategoriserad\" role=\"listitem\">\n\t\t\t\t<a class=\"elementor-post__thumbnail__link\" href=\"https:\/\/www.settdagarna.se\/sv\/2026\/03\/31\/forskolan-grunden-for-larande-sprak-och-demokrati\/\" tabindex=\"-1\" >\n\t\t\t<div class=\"elementor-post__thumbnail\"><img decoding=\"async\" width=\"300\" height=\"180\" src=\"https:\/\/easyfairsassets.com\/sites\/140\/2026\/03\/Blogg_Forskolan-1-300x180.png\" class=\"attachment-medium size-medium wp-image-98692\" alt=\"Tre talare\" srcset=\"https:\/\/easyfairsassets.com\/sites\/140\/2026\/03\/Blogg_Forskolan-1-300x180.png 300w, https:\/\/easyfairsassets.com\/sites\/140\/2026\/03\/Blogg_Forskolan-1-1024x616.png 1024w, https:\/\/easyfairsassets.com\/sites\/140\/2026\/03\/Blogg_Forskolan-1-768x462.png 768w, https:\/\/easyfairsassets.com\/sites\/140\/2026\/03\/Blogg_Forskolan-1.png 1501w\" sizes=\"(max-width: 300px) 100vw, 300px\" \/><\/div>\n\t\t<\/a>\n\t\t\t\t<div class=\"elementor-post__text\">\n\t\t\t\t<h3 class=\"elementor-post__title\">\n\t\t\t<a href=\"https:\/\/www.settdagarna.se\/sv\/2026\/03\/31\/forskolan-grunden-for-larande-sprak-och-demokrati\/\" >\n\t\t\t\tF\u00f6rskolan &#8211; grunden f\u00f6r l\u00e4rande, spr\u00e5k och demokrati\t\t\t<\/a>\n\t\t<\/h3>\n\t\t\n\t\t<a class=\"elementor-post__read-more\" href=\"https:\/\/www.settdagarna.se\/sv\/2026\/03\/31\/forskolan-grunden-for-larande-sprak-och-demokrati\/\" aria-label=\"Read more about F\u00f6rskolan &#8211; grunden f\u00f6r l\u00e4rande, spr\u00e5k och demokrati\" tabindex=\"-1\" >\n\t\t\tL\u00e4s mer \u00bb\t\t<\/a>\n\n\t\t\t\t<\/div>\n\t\t\t\t<\/article>\n\t\t\t\t<article class=\"elementor-post elementor-grid-item post-98629 post type-post status-publish format-standard has-post-thumbnail hentry category-okategoriserad\" role=\"listitem\">\n\t\t\t\t<a class=\"elementor-post__thumbnail__link\" href=\"https:\/\/www.settdagarna.se\/sv\/2026\/03\/31\/skolans-roll-i-ett-motstandskraftigt-samhalle\/\" tabindex=\"-1\" >\n\t\t\t<div class=\"elementor-post__thumbnail\"><img loading=\"lazy\" decoding=\"async\" width=\"300\" height=\"180\" src=\"https:\/\/easyfairsassets.com\/sites\/140\/2026\/03\/Blogg_Skolans-roll-i-ett-motstandskraftigt-samhalle-300x180.png\" class=\"attachment-medium size-medium wp-image-98685\" alt=\"Tre talare\" srcset=\"https:\/\/easyfairsassets.com\/sites\/140\/2026\/03\/Blogg_Skolans-roll-i-ett-motstandskraftigt-samhalle-300x180.png 300w, https:\/\/easyfairsassets.com\/sites\/140\/2026\/03\/Blogg_Skolans-roll-i-ett-motstandskraftigt-samhalle-1024x616.png 1024w, https:\/\/easyfairsassets.com\/sites\/140\/2026\/03\/Blogg_Skolans-roll-i-ett-motstandskraftigt-samhalle-768x462.png 768w, https:\/\/easyfairsassets.com\/sites\/140\/2026\/03\/Blogg_Skolans-roll-i-ett-motstandskraftigt-samhalle.png 1501w\" sizes=\"(max-width: 300px) 100vw, 300px\" \/><\/div>\n\t\t<\/a>\n\t\t\t\t<div class=\"elementor-post__text\">\n\t\t\t\t<h3 class=\"elementor-post__title\">\n\t\t\t<a href=\"https:\/\/www.settdagarna.se\/sv\/2026\/03\/31\/skolans-roll-i-ett-motstandskraftigt-samhalle\/\" >\n\t\t\t\tSkolans roll i ett motst\u00e5ndskraftigt samh\u00e4lle\t\t\t<\/a>\n\t\t<\/h3>\n\t\t\n\t\t<a class=\"elementor-post__read-more\" href=\"https:\/\/www.settdagarna.se\/sv\/2026\/03\/31\/skolans-roll-i-ett-motstandskraftigt-samhalle\/\" aria-label=\"Read more about Skolans roll i ett motst\u00e5ndskraftigt samh\u00e4lle\" tabindex=\"-1\" >\n\t\t\tL\u00e4s mer \u00bb\t\t<\/a>\n\n\t\t\t\t<\/div>\n\t\t\t\t<\/article>\n\t\t\t\t<\/div>\n\t\t\n\t\t\t\t\t\t<\/div>\n\t\t\t\t<\/div>\n\t\t\t\t\t<\/div>\n\t\t<\/div>\n\t\t\t\t\t<\/div>\n\t\t<\/section>\n\t\t\t\t<section class=\"elementor-section elementor-top-section elementor-element elementor-element-2d18c4b elementor-section-full_width elementor-reverse-mobile elementor-section-height-default elementor-section-height-default\" data-id=\"2d18c4b\" data-element_type=\"section\">\n\t\t\t\t\t\t<div class=\"elementor-container elementor-column-gap-default\">\n\t\t\t\t\t<div class=\"elementor-column elementor-col-50 elementor-top-column elementor-element elementor-element-a59f728\" data-id=\"a59f728\" data-element_type=\"column\" data-settings=\"{&quot;background_background&quot;:&quot;classic&quot;}\">\n\t\t\t<div class=\"elementor-widget-wrap elementor-element-populated\">\n\t\t\t\t\t\t<div class=\"elementor-element elementor-element-7e61f5e elementor-widget elementor-widget-spacer\" data-id=\"7e61f5e\" data-element_type=\"widget\" data-widget_type=\"spacer.default\">\n\t\t\t\t<div class=\"elementor-widget-container\">\n\t\t\t\t\t\t\t<div class=\"elementor-spacer\">\n\t\t\t<div class=\"elementor-spacer-inner\"><\/div>\n\t\t<\/div>\n\t\t\t\t\t\t<\/div>\n\t\t\t\t<\/div>\n\t\t\t\t\t<\/div>\n\t\t<\/div>\n\t\t\t\t<div class=\"elementor-column elementor-col-50 elementor-top-column elementor-element elementor-element-ff682e4\" data-id=\"ff682e4\" data-element_type=\"column\" data-settings=\"{&quot;background_background&quot;:&quot;classic&quot;}\">\n\t\t\t<div class=\"elementor-widget-wrap elementor-element-populated\">\n\t\t\t\t\t\t<div class=\"elementor-element elementor-element-a9f71a5 elementor-widget elementor-widget-heading\" data-id=\"a9f71a5\" data-element_type=\"widget\" data-widget_type=\"heading.default\">\n\t\t\t\t<div class=\"elementor-widget-container\">\n\t\t\t\t\t<h3 class=\"elementor-heading-title elementor-size-default\">L\u00e5t oss h\u00e5lla kontakten<\/h3>\t\t\t\t<\/div>\n\t\t\t\t<\/div>\n\t\t\t\t<div class=\"elementor-element elementor-element-286ca6f elementor-widget elementor-widget-heading\" data-id=\"286ca6f\" data-element_type=\"widget\" data-widget_type=\"heading.default\">\n\t\t\t\t<div class=\"elementor-widget-container\">\n\t\t\t\t\t<h2 class=\"elementor-heading-title elementor-size-default\">Signa upp p\u00e5 v\u00e5rt nyhetsbrev!<\/h2>\t\t\t\t<\/div>\n\t\t\t\t<\/div>\n\t\t\t\t<div class=\"elementor-element elementor-element-c330ca8 elementor-widget elementor-widget-text-editor\" data-id=\"c330ca8\" data-element_type=\"widget\" data-widget_type=\"text-editor.default\">\n\t\t\t\t<div class=\"elementor-widget-container\">\n\t\t\t\t\t\t\t\t\tPrenumerera p\u00e5 v\u00e5rt nyhetsbrev f\u00f6r att ta del av exklusiva<br> erbjudanden och f\u00e5 den senaste informationen om Sett!\t\t\t\t\t\t\t\t<\/div>\n\t\t\t\t<\/div>\n\t\t\t\t<div class=\"elementor-element elementor-element-c93c364 elementor-widget__width-initial elementor-button-align-stretch elementor-widget elementor-widget-form\" data-id=\"c93c364\" data-element_type=\"widget\" data-settings=\"{&quot;step_next_label&quot;:&quot;N\\u00e4sta&quot;,&quot;step_previous_label&quot;:&quot;F\\u00f6reg\\u00e5ende&quot;,&quot;button_width&quot;:&quot;30&quot;,&quot;step_type&quot;:&quot;number_text&quot;,&quot;step_icon_shape&quot;:&quot;circle&quot;}\" data-widget_type=\"form.default\">\n\t\t\t\t<div class=\"elementor-widget-container\">\n\t\t\t\t\t\t\t<form class=\"elementor-form\" method=\"post\" id=\"newsletter\" name=\"New Form\" aria-label=\"New Form\">\n\t\t\t<input type=\"hidden\" name=\"post_id\" value=\"67649\"\/>\n\t\t\t<input type=\"hidden\" name=\"form_id\" value=\"c93c364\"\/>\n\t\t\t<input type=\"hidden\" name=\"referer_title\" value=\"\" \/>\n\n\t\t\t\n\t\t\t<div class=\"elementor-form-fields-wrapper elementor-labels-\">\n\t\t\t\t\t\t\t\t<div class=\"elementor-field-type-text elementor-field-group elementor-column elementor-field-group-FirstName elementor-col-50\">\n\t\t\t\t\t\t\t\t\t\t\t\t<label for=\"form-field-FirstName\" class=\"elementor-field-label elementor-screen-only\">\n\t\t\t\t\t\t\t\tF\u00f6rnamn\t\t\t\t\t\t\t<\/label>\n\t\t\t\t\t\t\t\t\t\t\t\t\t\t<input size=\"1\" type=\"text\" name=\"form_fields[FirstName]\" id=\"form-field-FirstName\" class=\"elementor-field elementor-size-sm  elementor-field-textual\" placeholder=\"F\u00f6rnamn\">\n\t\t\t\t\t\t\t\t\t\t\t<\/div>\n\t\t\t\t\t\t\t\t<div class=\"elementor-field-type-text elementor-field-group elementor-column elementor-field-group-LastName elementor-col-50\">\n\t\t\t\t\t\t\t\t\t\t\t\t<label for=\"form-field-LastName\" class=\"elementor-field-label elementor-screen-only\">\n\t\t\t\t\t\t\t\tEfternamn\t\t\t\t\t\t\t<\/label>\n\t\t\t\t\t\t\t\t\t\t\t\t\t\t<input size=\"1\" type=\"text\" name=\"form_fields[LastName]\" id=\"form-field-LastName\" class=\"elementor-field elementor-size-sm  elementor-field-textual\" placeholder=\"Efternamn\">\n\t\t\t\t\t\t\t\t\t\t\t<\/div>\n\t\t\t\t\t\t\t\t<div class=\"elementor-field-type-email elementor-field-group elementor-column elementor-field-group-Email elementor-col-100 elementor-field-required\">\n\t\t\t\t\t\t\t\t\t\t\t\t<label for=\"form-field-Email\" class=\"elementor-field-label elementor-screen-only\">\n\t\t\t\t\t\t\t\tEmail\t\t\t\t\t\t\t<\/label>\n\t\t\t\t\t\t\t\t\t\t\t\t\t\t<input size=\"1\" type=\"email\" name=\"form_fields[Email]\" id=\"form-field-Email\" class=\"elementor-field elementor-size-sm  elementor-field-textual\" placeholder=\"Email\" required=\"required\">\n\t\t\t\t\t\t\t\t\t\t\t<\/div>\n\t\t\t\t\t\t\t\t<div class=\"elementor-field-type-checkbox elementor-field-group elementor-column elementor-field-group-Forskola elementor-col-33\">\n\t\t\t\t\t\t\t\t\t\t\t\t<label for=\"form-field-Forskola\" class=\"elementor-field-label elementor-screen-only\">\n\t\t\t\t\t\t\t\tL\u00e4rare \/ Pedagog\t\t\t\t\t\t\t<\/label>\n\t\t\t\t\t\t<div class=\"elementor-field-subgroup  \"><span class=\"elementor-field-option\"><input type=\"checkbox\" value=\"L\u00e4rare \/ Pedagog\" id=\"form-field-Forskola-0\" name=\"form_fields[Forskola]\"> <label for=\"form-field-Forskola-0\">L\u00e4rare \/ Pedagog<\/label><\/span><\/div>\t\t\t\t<\/div>\n\t\t\t\t\t\t\t\t<div class=\"elementor-field-type-checkbox elementor-field-group elementor-column elementor-field-group-Fritidshem elementor-col-33\">\n\t\t\t\t\t\t\t\t\t\t\t\t<label for=\"form-field-Fritidshem\" class=\"elementor-field-label elementor-screen-only\">\n\t\t\t\t\t\t\t\tSkolledare \/ Rektor\t\t\t\t\t\t\t<\/label>\n\t\t\t\t\t\t<div class=\"elementor-field-subgroup  \"><span class=\"elementor-field-option\"><input type=\"checkbox\" value=\"Skolledare \/ Rektor\" id=\"form-field-Fritidshem-0\" name=\"form_fields[Fritidshem]\"> <label for=\"form-field-Fritidshem-0\">Skolledare \/ Rektor<\/label><\/span><\/div>\t\t\t\t<\/div>\n\t\t\t\t\t\t\t\t<div class=\"elementor-field-type-checkbox elementor-field-group elementor-column elementor-field-group-Ledning elementor-col-33\">\n\t\t\t\t\t\t\t\t\t\t\t\t<label for=\"form-field-Ledning\" class=\"elementor-field-label elementor-screen-only\">\n\t\t\t\t\t\t\t\tAnnat\t\t\t\t\t\t\t<\/label>\n\t\t\t\t\t\t<div class=\"elementor-field-subgroup  \"><span class=\"elementor-field-option\"><input type=\"checkbox\" value=\"Annat\" id=\"form-field-Ledning-0\" name=\"form_fields[Ledning]\"> <label for=\"form-field-Ledning-0\">Annat<\/label><\/span><\/div>\t\t\t\t<\/div>\n\t\t\t\t\t\t\t\t<div class=\"elementor-field-type-recaptcha_v3 elementor-field-group elementor-column elementor-field-group-field_3b654ac elementor-col-100 recaptcha_v3-bottomright\">\n\t\t\t\t\t<div class=\"elementor-field\" id=\"form-field-field_3b654ac\"><div class=\"elementor-g-recaptcha\" data-sitekey=\"6LcayVMiAAAAALT9LzFIqwQHLPE7GH-pLBXbwK3f\" data-type=\"v3\" data-action=\"Form\" data-badge=\"bottomright\" data-size=\"invisible\"><\/div><\/div>\t\t\t\t<\/div>\n\t\t\t\t\t\t\t\t<div class=\"elementor-field-group elementor-column elementor-field-type-submit elementor-col-30 e-form__buttons\">\n\t\t\t\t\t<button class=\"elementor-button elementor-size-sm elementor-animation-grow\" type=\"submit\">\n\t\t\t\t\t\t<span class=\"elementor-button-content-wrapper\">\n\t\t\t\t\t\t\t\t\t\t\t\t\t\t\t\t\t\t\t\t\t\t<span class=\"elementor-button-text\">Skicka!<\/span>\n\t\t\t\t\t\t\t\t\t\t\t\t\t<\/span>\n\t\t\t\t\t<\/button>\n\t\t\t\t<\/div>\n\t\t\t<\/div>\n\t\t<\/form>\n\t\t\t\t\t\t<\/div>\n\t\t\t\t<\/div>\n\t\t\t\t\t<\/div>\n\t\t<\/div>\n\t\t\t\t\t<\/div>\n\t\t<\/section>\n\t\t\t\t<\/div>\n\t\t","protected":false},"excerpt":{"rendered":"<p>Dessa \u00e4r ett urval av en imponerande grupp av experter som representerar en bred kunskapsbas och erfarenhet som speglar konferensens tema.<\/p>\n","protected":false},"author":1062,"featured_media":67668,"comment_status":"open","ping_status":"open","sticky":false,"template":"elementor_header_footer","format":"standard","meta":{"_seopress_robots_primary_cat":"none","_seopress_titles_title":"\u00c5rets f\u00f6rsta talare p\u00e5 Sett 2025!","_seopress_titles_desc":"Vi \u00e4r glada att kunna presentera de f\u00f6rsta talarna inf\u00f6r Sett 2025.","_seopress_robots_index":"","footnotes":""},"categories":[1],"tags":[],"edition":[],"class_list":["post-67649","post","type-post","status-publish","format-standard","has-post-thumbnail","hentry","category-okategoriserad"],"_links":{"self":[{"href":"https:\/\/www.settdagarna.se\/sv\/wp-json\/wp\/v2\/posts\/67649","targetHints":{"allow":["GET"]}}],"collection":[{"href":"https:\/\/www.settdagarna.se\/sv\/wp-json\/wp\/v2\/posts"}],"about":[{"href":"https:\/\/www.settdagarna.se\/sv\/wp-json\/wp\/v2\/types\/post"}],"author":[{"embeddable":true,"href":"https:\/\/www.settdagarna.se\/sv\/wp-json\/wp\/v2\/users\/1062"}],"replies":[{"embeddable":true,"href":"https:\/\/www.settdagarna.se\/sv\/wp-json\/wp\/v2\/comments?post=67649"}],"version-history":[{"count":5,"href":"https:\/\/www.settdagarna.se\/sv\/wp-json\/wp\/v2\/posts\/67649\/revisions"}],"predecessor-version":[{"id":96040,"href":"https:\/\/www.settdagarna.se\/sv\/wp-json\/wp\/v2\/posts\/67649\/revisions\/96040"}],"wp:featuredmedia":[{"embeddable":true,"href":"https:\/\/www.settdagarna.se\/sv\/wp-json\/wp\/v2\/media\/67668"}],"wp:attachment":[{"href":"https:\/\/www.settdagarna.se\/sv\/wp-json\/wp\/v2\/media?parent=67649"}],"wp:term":[{"taxonomy":"category","embeddable":true,"href":"https:\/\/www.settdagarna.se\/sv\/wp-json\/wp\/v2\/categories?post=67649"},{"taxonomy":"post_tag","embeddable":true,"href":"https:\/\/www.settdagarna.se\/sv\/wp-json\/wp\/v2\/tags?post=67649"},{"taxonomy":"edition","embeddable":true,"href":"https:\/\/www.settdagarna.se\/sv\/wp-json\/wp\/v2\/edition?post=67649"}],"curies":[{"name":"wp","href":"https:\/\/api.w.org\/{rel}","templated":true}]}}