{"id":14731,"date":"2022-03-21T08:51:52","date_gmt":"2022-03-21T07:51:52","guid":{"rendered":"https:\/\/www.settdagarna.se\/?p=14731"},"modified":"2025-08-14T09:03:19","modified_gmt":"2025-08-14T07:03:19","slug":"escape-room-i-undervisningen-ska-eleverna-lasas-in-i-klassrummet","status":"publish","type":"post","link":"https:\/\/www.settdagarna.se\/sv\/2022\/03\/21\/escape-room-i-undervisningen-ska-eleverna-lasas-in-i-klassrummet\/","title":{"rendered":"Escape room i undervisningen \u2013 ska eleverna l\u00e5sas in i klassrummet?"},"content":{"rendered":"\t\t<div data-elementor-type=\"wp-post\" data-elementor-id=\"14731\" class=\"elementor elementor-14731\" data-elementor-post-type=\"post\">\n\t\t\t\t\t\t<section class=\"elementor-section elementor-top-section elementor-element elementor-element-9685980 elementor-section-stretched elementor-section-full_width elementor-section-height-default elementor-section-height-default\" data-id=\"9685980\" data-element_type=\"section\" data-settings=\"{&quot;stretch_section&quot;:&quot;section-stretched&quot;,&quot;background_background&quot;:&quot;classic&quot;}\">\n\t\t\t\t\t\t\t<div class=\"elementor-background-overlay\"><\/div>\n\t\t\t\t\t\t\t<div class=\"elementor-container elementor-column-gap-default\">\n\t\t\t\t\t<div class=\"elementor-column elementor-col-100 elementor-top-column elementor-element elementor-element-399f0be\" data-id=\"399f0be\" data-element_type=\"column\">\n\t\t\t<div class=\"elementor-widget-wrap elementor-element-populated\">\n\t\t\t\t\t\t<div class=\"elementor-element elementor-element-546f7ff elementor-widget elementor-widget-spacer\" data-id=\"546f7ff\" data-element_type=\"widget\" data-widget_type=\"spacer.default\">\n\t\t\t\t<div class=\"elementor-widget-container\">\n\t\t\t\t\t\t\t<div class=\"elementor-spacer\">\n\t\t\t<div class=\"elementor-spacer-inner\"><\/div>\n\t\t<\/div>\n\t\t\t\t\t\t<\/div>\n\t\t\t\t<\/div>\n\t\t\t\t\t<\/div>\n\t\t<\/div>\n\t\t\t\t\t<\/div>\n\t\t<\/section>\n\t\t\t\t<section class=\"elementor-section elementor-top-section elementor-element elementor-element-b83493c elementor-section-boxed elementor-section-height-default elementor-section-height-default\" data-id=\"b83493c\" data-element_type=\"section\">\n\t\t\t\t\t\t\t<div class=\"elementor-background-overlay\"><\/div>\n\t\t\t\t\t\t\t<div class=\"elementor-container elementor-column-gap-default\">\n\t\t\t\t\t<div class=\"elementor-column elementor-col-50 elementor-top-column elementor-element elementor-element-8a05d07\" data-id=\"8a05d07\" data-element_type=\"column\" data-settings=\"{&quot;background_background&quot;:&quot;classic&quot;}\">\n\t\t\t<div class=\"elementor-widget-wrap elementor-element-populated\">\n\t\t\t\t\t\t<div class=\"elementor-element elementor-element-696f98b elementor-widget elementor-widget-spacer\" data-id=\"696f98b\" data-element_type=\"widget\" data-widget_type=\"spacer.default\">\n\t\t\t\t<div class=\"elementor-widget-container\">\n\t\t\t\t\t\t\t<div class=\"elementor-spacer\">\n\t\t\t<div class=\"elementor-spacer-inner\"><\/div>\n\t\t<\/div>\n\t\t\t\t\t\t<\/div>\n\t\t\t\t<\/div>\n\t\t\t\t<div class=\"elementor-element elementor-element-d45d326 elementor-widget elementor-widget-heading\" data-id=\"d45d326\" data-element_type=\"widget\" data-widget_type=\"heading.default\">\n\t\t\t\t<div class=\"elementor-widget-container\">\n\t\t\t\t\t<h1 class=\"elementor-heading-title elementor-size-default\">Escape room i undervisningen \u2013 ska eleverna l\u00e5sas in i klassrummet?<\/h1>\t\t\t\t<\/div>\n\t\t\t\t<\/div>\n\t\t\t\t<div class=\"elementor-element elementor-element-00bf95b elementor-widget elementor-widget-image\" data-id=\"00bf95b\" data-element_type=\"widget\" data-widget_type=\"image.default\">\n\t\t\t\t<div class=\"elementor-widget-container\">\n\t\t\t\t\t\t\t\t\t\t\t\t\t\t\t<img fetchpriority=\"high\" decoding=\"async\" width=\"768\" height=\"383\" src=\"https:\/\/easyfairsassets.com\/sites\/140\/2022\/03\/digilogt-er-768x383.jpg\" class=\"attachment-medium_large size-medium_large wp-image-14732\" alt=\"Escape room\" srcset=\"https:\/\/easyfairsassets.com\/sites\/140\/2022\/03\/digilogt-er-768x383.jpg 768w, https:\/\/easyfairsassets.com\/sites\/140\/2022\/03\/digilogt-er-300x150.jpg 300w, https:\/\/easyfairsassets.com\/sites\/140\/2022\/03\/digilogt-er-1024x510.jpg 1024w, https:\/\/easyfairsassets.com\/sites\/140\/2022\/03\/digilogt-er.jpg 1260w\" sizes=\"(max-width: 768px) 100vw, 768px\" \/>\t\t\t\t\t\t\t\t\t\t\t\t\t\t\t<\/div>\n\t\t\t\t<\/div>\n\t\t\t\t<div class=\"elementor-element elementor-element-b639fb1 elementor-widget elementor-widget-text-editor\" data-id=\"b639fb1\" data-element_type=\"widget\" data-widget_type=\"text-editor.default\">\n\t\t\t\t<div class=\"elementor-widget-container\">\n\t\t\t\t\t\t\t\t\t<p>Ibland kan man vara s\u00e5 sugen p\u00e5 att l\u00e5sa d\u00f6rren och inte sl\u00e4ppa ut eleverna f\u00f6rr\u00e4n de \u00e4r helt klara, men s\u00e5klart ska vi inte l\u00e5sa in dem p\u00e5 riktigt. Vi ska d\u00e4remot l\u00e5sa in eleverna i en fantasiv\u00e4rld med sp\u00e4nnande uppdrag som motiverar dem till att ta sig till slutet. Men hur g\u00f6r man det?<\/p><p>I v\u00e5r f\u00f6rel\u00e4sning p\u00e5 SETT kommer vi att belysa vad escape room bidrar med i undervisningen samt i kortfattade drag beskriva hur man bygger ett escape room.<\/p><p>F\u00f6r att kortfattat beskriva vad det handlar om s\u00e5 har vi b\u00e5da, sedan m\u00e5nga \u00e5r tillbaka, arbetat digitalt i v\u00e5ra klassrum. Vi s\u00e5g tidigt hur de olika digitala verktygen bidrog till ett l\u00e4rande, som till exempel responssystem, samarbete med texter samt det spelifierande l\u00e4randet!<\/p><p>Det spelifierande l\u00e4randet har intresserat oss l\u00e4nge som en motiverande faktor i klassrummet, redan innan datorerna tog sig in i v\u00e5ra klassrum s\u00e5 spelade man olika typer av spel f\u00f6r att \u00f6ka motivationen. Men nu har vi \u00e4nnu fler verktyg att anv\u00e4nda. Det digitala tar inte bort det analoga arbetet, utan vi arbetar digilogt, dvs att arbeta analogt och digitalt i symbios d\u00e4r det ena inte \u00e4r b\u00e4ttre \u00e4n det andra.<br \/>Att jobba med olika motiverande arbetss\u00e4tt g\u00f6r att vi f\u00e5r fler elever att bli nyfikna p\u00e5 uppgifterna. Att arbeta med escape room \u00e4r bara ett av alla olika verktyg man kan anv\u00e4nda f\u00f6r att motivera eleverna. Men vad \u00e4r det som motiverar dem?<\/p><p>Tittar man p\u00e5 de spel som eleverna spelar p\u00e5 sin fritid s\u00e5 har de n\u00e5gra faktorer gemensamt; de har spelregler, det finns ett m\u00e5l, det finns n\u00e5got uppdrag att genomf\u00f6ra, det blir lite sv\u00e5rare ju l\u00e4ngre in i spelet man kommer. Klarar man n\u00e5got sv\u00e5rt tar man med gl\u00e4dje sig an n\u00e4sta sv\u00e5righetsgrad. Det \u00e4r h\u00e4r escape room-konceptet kommer in.<\/p><p>Ett escape room som man anv\u00e4nder i undervisningen \u00e4r uppbyggt utifr\u00e5n det centrala inneh\u00e5llet i Lgr 11, d\u00e4r man inleder med en ber\u00e4ttelse som ska inspirera eleverna. Sedan \u00e4r det olika former av uppdrag som eleverna ska l\u00f6sa f\u00f6r att l\u00e5sa upp n\u00e5gon form av l\u00e5s f\u00f6r att sedan ta sig i m\u00e5l.<br \/>N\u00e4r eleverna jobbar med escape room samarbetar de i par eller mindre grupper f\u00f6r de tillsammans ska kunna anv\u00e4nda sina styrkor f\u00f6r att l\u00f6sa uppdragen.<\/p><p>Escape room i undervisningen inneb\u00e4r inte att man bygger upp en hel milj\u00f6 i rummet, men det kan inneb\u00e4ra att man skapar en digital milj\u00f6 med digitala l\u00e5s eller uppdrag p\u00e5 papper d\u00e4r eleverna ska l\u00e5sa upp riktiga kodl\u00e5s. V\u00e5r personliga favorit \u00e4r de digiloga, d\u00e4r man utnyttjar b\u00e5de de digitala och analoga verktygens styrkor.<\/p><p><strong>Tips!<br \/><\/strong>&#8211; B\u00f6rja sm\u00e5tt. Det r\u00e4cker att skapa fr\u00e5gor i ett Formul\u00e4r utifr\u00e5n en ber\u00e4ttelse.<br \/>&#8211; G\u00e5 med i Facebookgruppen Escape the classroom \u2013 Sweden. D\u00e4r kan du st\u00e4lla fr\u00e5gor om s\u00e5dant du funderar \u00f6ver n\u00e4r det g\u00e4ller skapandet av escape rooms i olika verktyg, hitta f\u00e4rdiga escape rooms att anv\u00e4nda och mycket mer.<\/p>\t\t\t\t\t\t\t\t<\/div>\n\t\t\t\t<\/div>\n\t\t\t\t<div class=\"elementor-element elementor-element-a70e328 elementor-blockquote--skin-border elementor-widget elementor-widget-blockquote\" data-id=\"a70e328\" data-element_type=\"widget\" data-widget_type=\"blockquote.default\">\n\t\t\t\t<div class=\"elementor-widget-container\">\n\t\t\t\t\t\t\t<blockquote class=\"elementor-blockquote\">\n\t\t\t<p class=\"elementor-blockquote__content\">\n\t\t\t\tF\u00f6rfattare: Camilla Askeb\u00e4ck Diaz f\u00f6rstel\u00e4rare i digitala verktyg samt Ma-l\u00e4rare p\u00e5 S\u00f6dermalmsskolan i Stockholm. Utbildningskonsult och f\u00f6rfattare till bland annat Escape room i undervisningen.\nUlrica Elisson Grane f\u00f6rstel\u00e4rare i st\u00f6djande och tillg\u00e4ngliga l\u00e4rmilj\u00f6er och samt l\u00e4rare i \u00e5k 5-6 Ullvi skola, Leksand. Digitaliseringsutvecklare och f\u00f6rfattare till boken Escape room i undervisningen.\t\t\t<\/p>\n\t\t\t\t\t<\/blockquote>\n\t\t\t\t\t\t<\/div>\n\t\t\t\t<\/div>\n\t\t\t\t<div class=\"elementor-element elementor-element-be95de5 elementor-widget elementor-widget-image\" data-id=\"be95de5\" data-element_type=\"widget\" data-widget_type=\"image.default\">\n\t\t\t\t<div class=\"elementor-widget-container\">\n\t\t\t\t\t\t\t\t\t\t\t\t\t\t\t<img decoding=\"async\" width=\"650\" height=\"300\" src=\"https:\/\/easyfairsassets.com\/sites\/140\/2022\/03\/650x300px.png\" class=\"attachment-medium_large size-medium_large wp-image-14736\" alt=\"Camilla Askeb\u00e4ck Diaz och Ulrica Elisson Grane\" srcset=\"https:\/\/easyfairsassets.com\/sites\/140\/2022\/03\/650x300px.png 650w, https:\/\/easyfairsassets.com\/sites\/140\/2022\/03\/650x300px-300x138.png 300w\" sizes=\"(max-width: 650px) 100vw, 650px\" \/>\t\t\t\t\t\t\t\t\t\t\t\t\t\t\t<\/div>\n\t\t\t\t<\/div>\n\t\t\t\t<div class=\"elementor-element elementor-element-e2786c0 elementor-align-left elementor-widget elementor-widget-button\" data-id=\"e2786c0\" data-element_type=\"widget\" data-widget_type=\"button.default\">\n\t\t\t\t<div class=\"elementor-widget-container\">\n\t\t\t\t\t\t\t\t\t<div class=\"elementor-button-wrapper\">\n\t\t\t\t\t<a class=\"elementor-button elementor-button-link elementor-size-sm elementor-animation-grow\" href=\"https:\/\/www.settdagarna.se\/sv\/artiklar\/\">\n\t\t\t\t\t\t<span class=\"elementor-button-content-wrapper\">\n\t\t\t\t\t\t<span class=\"elementor-button-icon\">\n\t\t\t\t<i aria-hidden=\"true\" class=\"fas fa-arrow-left\"><\/i>\t\t\t<\/span>\n\t\t\t\t\t\t\t\t\t<span class=\"elementor-button-text\">Tillbaka till nyheter<\/span>\n\t\t\t\t\t<\/span>\n\t\t\t\t\t<\/a>\n\t\t\t\t<\/div>\n\t\t\t\t\t\t\t\t<\/div>\n\t\t\t\t<\/div>\n\t\t\t\t\t<\/div>\n\t\t<\/div>\n\t\t\t\t<div class=\"elementor-column elementor-col-50 elementor-top-column elementor-element elementor-element-d43d2b9\" data-id=\"d43d2b9\" data-element_type=\"column\" data-settings=\"{&quot;background_background&quot;:&quot;classic&quot;}\">\n\t\t\t<div class=\"elementor-widget-wrap elementor-element-populated\">\n\t\t\t\t\t\t<div class=\"elementor-element elementor-element-c0e607e elementor-widget elementor-widget-heading\" data-id=\"c0e607e\" data-element_type=\"widget\" data-widget_type=\"heading.default\">\n\t\t\t\t<div class=\"elementor-widget-container\">\n\t\t\t\t\t<h3 class=\"elementor-heading-title elementor-size-default\">Dela inl\u00e4gget<\/h3>\t\t\t\t<\/div>\n\t\t\t\t<\/div>\n\t\t\t\t<div class=\"elementor-element elementor-element-e53fb31 elementor-share-buttons--view-icon-text elementor-share-buttons--skin-gradient elementor-share-buttons--shape-square elementor-grid-0 elementor-share-buttons--color-official elementor-widget elementor-widget-share-buttons\" data-id=\"e53fb31\" data-element_type=\"widget\" data-widget_type=\"share-buttons.default\">\n\t\t\t\t<div class=\"elementor-widget-container\">\n\t\t\t\t\t\t\t<div class=\"elementor-grid\" role=\"list\">\n\t\t\t\t\t\t\t\t<div class=\"elementor-grid-item\" role=\"listitem\">\n\t\t\t\t\t\t<div class=\"elementor-share-btn elementor-share-btn_facebook\" role=\"button\" tabindex=\"0\" aria-label=\"Share on facebook\">\n\t\t\t\t\t\t\t\t\t\t\t\t\t\t\t<span class=\"elementor-share-btn__icon\">\n\t\t\t\t\t\t\t\t<i class=\"fab fa-facebook\" aria-hidden=\"true\"><\/i>\t\t\t\t\t\t\t<\/span>\n\t\t\t\t\t\t\t\t\t\t\t\t\t\t\t\t\t\t\t\t\t\t<div class=\"elementor-share-btn__text\">\n\t\t\t\t\t\t\t\t\t\t\t\t\t\t\t\t\t\t\t<span class=\"elementor-share-btn__title\">\n\t\t\t\t\t\t\t\t\t\tFacebook\t\t\t\t\t\t\t\t\t<\/span>\n\t\t\t\t\t\t\t\t\t\t\t\t\t\t\t\t\t<\/div>\n\t\t\t\t\t\t\t\t\t\t\t\t\t<\/div>\n\t\t\t\t\t<\/div>\n\t\t\t\t\t\t\t\t\t<div class=\"elementor-grid-item\" role=\"listitem\">\n\t\t\t\t\t\t<div class=\"elementor-share-btn elementor-share-btn_linkedin\" role=\"button\" tabindex=\"0\" aria-label=\"Share on linkedin\">\n\t\t\t\t\t\t\t\t\t\t\t\t\t\t\t<span class=\"elementor-share-btn__icon\">\n\t\t\t\t\t\t\t\t<i class=\"fab fa-linkedin\" aria-hidden=\"true\"><\/i>\t\t\t\t\t\t\t<\/span>\n\t\t\t\t\t\t\t\t\t\t\t\t\t\t\t\t\t\t\t\t\t\t<div class=\"elementor-share-btn__text\">\n\t\t\t\t\t\t\t\t\t\t\t\t\t\t\t\t\t\t\t<span class=\"elementor-share-btn__title\">\n\t\t\t\t\t\t\t\t\t\tLinkedIn\t\t\t\t\t\t\t\t\t<\/span>\n\t\t\t\t\t\t\t\t\t\t\t\t\t\t\t\t\t<\/div>\n\t\t\t\t\t\t\t\t\t\t\t\t\t<\/div>\n\t\t\t\t\t<\/div>\n\t\t\t\t\t\t\t\t\t<div class=\"elementor-grid-item\" role=\"listitem\">\n\t\t\t\t\t\t<div class=\"elementor-share-btn elementor-share-btn_twitter\" role=\"button\" tabindex=\"0\" aria-label=\"Share on twitter\">\n\t\t\t\t\t\t\t\t\t\t\t\t\t\t\t<span class=\"elementor-share-btn__icon\">\n\t\t\t\t\t\t\t\t<i class=\"fab fa-twitter\" aria-hidden=\"true\"><\/i>\t\t\t\t\t\t\t<\/span>\n\t\t\t\t\t\t\t\t\t\t\t\t\t\t\t\t\t\t\t\t\t\t<div class=\"elementor-share-btn__text\">\n\t\t\t\t\t\t\t\t\t\t\t\t\t\t\t\t\t\t\t<span class=\"elementor-share-btn__title\">\n\t\t\t\t\t\t\t\t\t\tTwitter\t\t\t\t\t\t\t\t\t<\/span>\n\t\t\t\t\t\t\t\t\t\t\t\t\t\t\t\t\t<\/div>\n\t\t\t\t\t\t\t\t\t\t\t\t\t<\/div>\n\t\t\t\t\t<\/div>\n\t\t\t\t\t\t<\/div>\n\t\t\t\t\t\t<\/div>\n\t\t\t\t<\/div>\n\t\t\t\t<div class=\"elementor-element elementor-element-54f8c31 elementor-grid-1 elementor-grid-tablet-2 elementor-grid-mobile-1 elementor-posts--thumbnail-header elementor-card-shadow-yes elementor-posts__hover-gradient elementor-widget elementor-widget-posts\" data-id=\"54f8c31\" data-element_type=\"widget\" data-settings=\"{&quot;cards_wex_columns&quot;:&quot;1&quot;,&quot;cards_wex_columns_tablet&quot;:&quot;2&quot;,&quot;cards_wex_columns_mobile&quot;:&quot;1&quot;,&quot;cards_wex_row_gap&quot;:{&quot;unit&quot;:&quot;px&quot;,&quot;size&quot;:35,&quot;sizes&quot;:[]},&quot;cards_wex_row_gap_tablet&quot;:{&quot;unit&quot;:&quot;px&quot;,&quot;size&quot;:&quot;&quot;,&quot;sizes&quot;:[]},&quot;cards_wex_row_gap_mobile&quot;:{&quot;unit&quot;:&quot;px&quot;,&quot;size&quot;:&quot;&quot;,&quot;sizes&quot;:[]}}\" data-widget_type=\"posts.cards_wex\">\n\t\t\t\t<div class=\"elementor-widget-container\">\n\t\t\t\t\t\t\t<div class=\"elementor-posts-container elementor-posts elementor-posts--skin-cards elementor-grid\" role=\"list\">\n\t\t\t\t<article class=\"elementor-post elementor-grid-item post-99055 post type-post status-publish format-standard has-post-thumbnail hentry category-uncategorized\" role=\"listitem\">\n\t\t\t<div class=\"elementor-post__card\">\n\t\t        <a class=\"elementor-post__thumbnail__link\" href=\"https:\/\/www.settdagarna.se\/sv\/2026\/04\/09\/verktyg-metoder-och-verklighet-praktiska-workshopar-fran-sett-2026\/\">\n            <div class=\"elementor-post__thumbnail\"><img decoding=\"async\" width=\"300\" height=\"180\" src=\"https:\/\/easyfairsassets.com\/sites\/140\/2026\/04\/Blogg_Workshops-300x180.png\" class=\"attachment-medium size-medium wp-image-99068\" alt=\"Tv\u00e5 tjejer som pysslar\" srcset=\"https:\/\/easyfairsassets.com\/sites\/140\/2026\/04\/Blogg_Workshops-300x180.png 300w, https:\/\/easyfairsassets.com\/sites\/140\/2026\/04\/Blogg_Workshops-1024x616.png 1024w, https:\/\/easyfairsassets.com\/sites\/140\/2026\/04\/Blogg_Workshops-768x462.png 768w, https:\/\/easyfairsassets.com\/sites\/140\/2026\/04\/Blogg_Workshops.png 1501w\" sizes=\"(max-width: 300px) 100vw, 300px\" \/><\/div>\n        <\/a>\n         <div data-type=\"post\" data-id=\"99055\" data-nonce=\"3711722be7\" class=\"elementor-post__badge btn_feedback easyfairs_like post notsaved left\" tabindex=\"99055\" ><i class=\"fa fa-star-o\" aria-hidden=\"true\"><\/i><\/div>\t\t<div class=\"elementor-post__text\">\n\t\t\t\t<h3 class=\"elementor-post__title\">\n\t\t\t<a href=\"https:\/\/www.settdagarna.se\/sv\/2026\/04\/09\/verktyg-metoder-och-verklighet-praktiska-workshopar-fran-sett-2026\/\" >\n\t\t\t\tVerktyg, metoder och verklighet \u2013 praktiska workshopar p\u00e5 Sett 2026\t\t\t<\/a>\n\t\t<\/h3>\n\t\t        <a href=\"https:\/\/www.settdagarna.se\/sv\/2026\/04\/09\/verktyg-metoder-och-verklighet-praktiska-workshopar-fran-sett-2026\/\" class=\"elementor-post__excerpt\">\n            <p>delta i workshops Verktyg, metoder och verklighet \u2013 praktiska workshopar p\u00e5 Sett Hur oms\u00e4tter vi stora fr\u00e5gor om AI, demokrati och digitalisering i konkret undervisning<\/p>\n        <\/a>\n        \n\t\t<a class=\"elementor-post__read-more\" href=\"https:\/\/www.settdagarna.se\/sv\/2026\/04\/09\/verktyg-metoder-och-verklighet-praktiska-workshopar-fran-sett-2026\/\" aria-label=\"Read more about Verktyg, metoder och verklighet \u2013 praktiska workshopar p\u00e5 Sett 2026\" tabindex=\"-1\" >\n\t\t\tL\u00e4s mer \u00bb\t\t<\/a>\n\n\t\t        <div class=\"elementor-post__meta-data\">\n            \t\t<span class=\"elementor-post-date\">\n\t\t\tapril 9, 2026\t\t<\/span>\n\t\t        <\/div>\n        \t\t<\/div>\n\t\t\t\t\t<\/div>\n\t\t<\/article>\n\t\t\t\t<article class=\"elementor-post elementor-grid-item post-98639 post type-post status-publish format-standard has-post-thumbnail hentry category-okategoriserad\" role=\"listitem\">\n\t\t\t<div class=\"elementor-post__card\">\n\t\t        <a class=\"elementor-post__thumbnail__link\" href=\"https:\/\/www.settdagarna.se\/sv\/2026\/03\/31\/forskolan-grunden-for-larande-sprak-och-demokrati\/\">\n            <div class=\"elementor-post__thumbnail\"><img loading=\"lazy\" decoding=\"async\" width=\"300\" height=\"180\" src=\"https:\/\/easyfairsassets.com\/sites\/140\/2026\/03\/Blogg_Forskolan-1-300x180.png\" class=\"attachment-medium size-medium wp-image-98692\" alt=\"Tre talare\" srcset=\"https:\/\/easyfairsassets.com\/sites\/140\/2026\/03\/Blogg_Forskolan-1-300x180.png 300w, https:\/\/easyfairsassets.com\/sites\/140\/2026\/03\/Blogg_Forskolan-1-1024x616.png 1024w, https:\/\/easyfairsassets.com\/sites\/140\/2026\/03\/Blogg_Forskolan-1-768x462.png 768w, https:\/\/easyfairsassets.com\/sites\/140\/2026\/03\/Blogg_Forskolan-1.png 1501w\" sizes=\"(max-width: 300px) 100vw, 300px\" \/><\/div>\n        <\/a>\n         <div data-type=\"post\" data-id=\"98639\" data-nonce=\"c5a42fbd21\" class=\"elementor-post__badge btn_feedback easyfairs_like post notsaved left\" tabindex=\"98639\" ><i class=\"fa fa-star-o\" aria-hidden=\"true\"><\/i><\/div>\t\t<div class=\"elementor-post__text\">\n\t\t\t\t<h3 class=\"elementor-post__title\">\n\t\t\t<a href=\"https:\/\/www.settdagarna.se\/sv\/2026\/03\/31\/forskolan-grunden-for-larande-sprak-och-demokrati\/\" >\n\t\t\t\tF\u00f6rskolan &#8211; grunden f\u00f6r l\u00e4rande, spr\u00e5k och demokrati\t\t\t<\/a>\n\t\t<\/h3>\n\t\t        <a href=\"https:\/\/www.settdagarna.se\/sv\/2026\/03\/31\/forskolan-grunden-for-larande-sprak-och-demokrati\/\" class=\"elementor-post__excerpt\">\n            <p>Programpunkter f\u00f6r: F\u00f6rskolan \u2013 grunden f\u00f6r l\u00e4rande, spr\u00e5k och demokrati Barn m\u00f6ter teknik tidigt, samtidigt som f\u00f6rskolans uppdrag utvecklas. Det st\u00e4ller krav p\u00e5 medvetna pedagogiska<\/p>\n        <\/a>\n        \n\t\t<a class=\"elementor-post__read-more\" href=\"https:\/\/www.settdagarna.se\/sv\/2026\/03\/31\/forskolan-grunden-for-larande-sprak-och-demokrati\/\" aria-label=\"Read more about F\u00f6rskolan &#8211; grunden f\u00f6r l\u00e4rande, spr\u00e5k och demokrati\" tabindex=\"-1\" >\n\t\t\tL\u00e4s mer \u00bb\t\t<\/a>\n\n\t\t        <div class=\"elementor-post__meta-data\">\n            \t\t<span class=\"elementor-post-date\">\n\t\t\tmars 31, 2026\t\t<\/span>\n\t\t        <\/div>\n        \t\t<\/div>\n\t\t\t\t\t<\/div>\n\t\t<\/article>\n\t\t\t\t<article class=\"elementor-post elementor-grid-item post-98629 post type-post status-publish format-standard has-post-thumbnail hentry category-okategoriserad\" role=\"listitem\">\n\t\t\t<div class=\"elementor-post__card\">\n\t\t        <a class=\"elementor-post__thumbnail__link\" href=\"https:\/\/www.settdagarna.se\/sv\/2026\/03\/31\/skolans-roll-i-ett-motstandskraftigt-samhalle\/\">\n            <div class=\"elementor-post__thumbnail\"><img loading=\"lazy\" decoding=\"async\" width=\"300\" height=\"180\" src=\"https:\/\/easyfairsassets.com\/sites\/140\/2026\/03\/Blogg_Skolans-roll-i-ett-motstandskraftigt-samhalle-300x180.png\" class=\"attachment-medium size-medium wp-image-98685\" alt=\"Tre talare\" srcset=\"https:\/\/easyfairsassets.com\/sites\/140\/2026\/03\/Blogg_Skolans-roll-i-ett-motstandskraftigt-samhalle-300x180.png 300w, https:\/\/easyfairsassets.com\/sites\/140\/2026\/03\/Blogg_Skolans-roll-i-ett-motstandskraftigt-samhalle-1024x616.png 1024w, https:\/\/easyfairsassets.com\/sites\/140\/2026\/03\/Blogg_Skolans-roll-i-ett-motstandskraftigt-samhalle-768x462.png 768w, https:\/\/easyfairsassets.com\/sites\/140\/2026\/03\/Blogg_Skolans-roll-i-ett-motstandskraftigt-samhalle.png 1501w\" sizes=\"(max-width: 300px) 100vw, 300px\" \/><\/div>\n        <\/a>\n         <div data-type=\"post\" data-id=\"98629\" data-nonce=\"0b06f055a9\" class=\"elementor-post__badge btn_feedback easyfairs_like post notsaved left\" tabindex=\"98629\" ><i class=\"fa fa-star-o\" aria-hidden=\"true\"><\/i><\/div>\t\t<div class=\"elementor-post__text\">\n\t\t\t\t<h3 class=\"elementor-post__title\">\n\t\t\t<a href=\"https:\/\/www.settdagarna.se\/sv\/2026\/03\/31\/skolans-roll-i-ett-motstandskraftigt-samhalle\/\" >\n\t\t\t\tSkolans roll i ett motst\u00e5ndskraftigt samh\u00e4lle\t\t\t<\/a>\n\t\t<\/h3>\n\t\t        <a href=\"https:\/\/www.settdagarna.se\/sv\/2026\/03\/31\/skolans-roll-i-ett-motstandskraftigt-samhalle\/\" class=\"elementor-post__excerpt\">\n            <p>Programpunkter om: Skolans roll i ett motst\u00e5ndskraftigt samh\u00e4lle I en tid av desinformation, polarisering och \u00f6kad os\u00e4kerhet st\u00e4lls nya krav p\u00e5 skolan. Elever beh\u00f6ver inte<\/p>\n        <\/a>\n        \n\t\t<a class=\"elementor-post__read-more\" href=\"https:\/\/www.settdagarna.se\/sv\/2026\/03\/31\/skolans-roll-i-ett-motstandskraftigt-samhalle\/\" aria-label=\"Read more about Skolans roll i ett motst\u00e5ndskraftigt samh\u00e4lle\" tabindex=\"-1\" >\n\t\t\tL\u00e4s mer \u00bb\t\t<\/a>\n\n\t\t        <div class=\"elementor-post__meta-data\">\n            \t\t<span class=\"elementor-post-date\">\n\t\t\tmars 31, 2026\t\t<\/span>\n\t\t        <\/div>\n        \t\t<\/div>\n\t\t\t\t\t<\/div>\n\t\t<\/article>\n\t\t\t\t<article class=\"elementor-post elementor-grid-item post-98616 post type-post status-publish format-standard has-post-thumbnail hentry category-okategoriserad\" role=\"listitem\">\n\t\t\t<div class=\"elementor-post__card\">\n\t\t        <a class=\"elementor-post__thumbnail__link\" href=\"https:\/\/www.settdagarna.se\/sv\/2026\/03\/31\/en-skola-for-alla-att-mota-okade-skillnader-med-kunskap-och-handling\/\">\n            <div class=\"elementor-post__thumbnail\"><img loading=\"lazy\" decoding=\"async\" width=\"300\" height=\"180\" src=\"https:\/\/easyfairsassets.com\/sites\/140\/2026\/03\/Blogg_En-skola-for-alla-300x180.png\" class=\"attachment-medium size-medium wp-image-98665\" alt=\"Tre talare\" srcset=\"https:\/\/easyfairsassets.com\/sites\/140\/2026\/03\/Blogg_En-skola-for-alla-300x180.png 300w, https:\/\/easyfairsassets.com\/sites\/140\/2026\/03\/Blogg_En-skola-for-alla-1024x616.png 1024w, https:\/\/easyfairsassets.com\/sites\/140\/2026\/03\/Blogg_En-skola-for-alla-768x462.png 768w, https:\/\/easyfairsassets.com\/sites\/140\/2026\/03\/Blogg_En-skola-for-alla.png 1501w\" sizes=\"(max-width: 300px) 100vw, 300px\" \/><\/div>\n        <\/a>\n         <div data-type=\"post\" data-id=\"98616\" data-nonce=\"2c3ec09479\" class=\"elementor-post__badge btn_feedback easyfairs_like post notsaved left\" tabindex=\"98616\" ><i class=\"fa fa-star-o\" aria-hidden=\"true\"><\/i><\/div>\t\t<div class=\"elementor-post__text\">\n\t\t\t\t<h3 class=\"elementor-post__title\">\n\t\t\t<a href=\"https:\/\/www.settdagarna.se\/sv\/2026\/03\/31\/en-skola-for-alla-att-mota-okade-skillnader-med-kunskap-och-handling\/\" >\n\t\t\t\tEn skola f\u00f6r alla &#8211; att m\u00f6ta \u00f6kade skillnader med kunskap och handling\t\t\t<\/a>\n\t\t<\/h3>\n\t\t        <a href=\"https:\/\/www.settdagarna.se\/sv\/2026\/03\/31\/en-skola-for-alla-att-mota-okade-skillnader-med-kunskap-och-handling\/\" class=\"elementor-post__excerpt\">\n            <p>Programpunkter om: En skola f\u00f6r alla \u2013 att m\u00f6ta \u00f6kade skillnader med kunskap och handling Skillnader mellan elevgrupper \u00f6kar, och fler elever riskerar att hamna<\/p>\n        <\/a>\n        \n\t\t<a class=\"elementor-post__read-more\" href=\"https:\/\/www.settdagarna.se\/sv\/2026\/03\/31\/en-skola-for-alla-att-mota-okade-skillnader-med-kunskap-och-handling\/\" aria-label=\"Read more about En skola f\u00f6r alla &#8211; att m\u00f6ta \u00f6kade skillnader med kunskap och handling\" tabindex=\"-1\" >\n\t\t\tL\u00e4s mer \u00bb\t\t<\/a>\n\n\t\t        <div class=\"elementor-post__meta-data\">\n            \t\t<span class=\"elementor-post-date\">\n\t\t\tmars 31, 2026\t\t<\/span>\n\t\t        <\/div>\n        \t\t<\/div>\n\t\t\t\t\t<\/div>\n\t\t<\/article>\n\t\t\t\t<article class=\"elementor-post elementor-grid-item post-98600 post type-post status-publish format-standard has-post-thumbnail hentry category-okategoriserad\" role=\"listitem\">\n\t\t\t<div class=\"elementor-post__card\">\n\t\t        <a class=\"elementor-post__thumbnail__link\" href=\"https:\/\/www.settdagarna.se\/sv\/2026\/03\/31\/att-starka-lasning-och-skrivande-i-en-tid-av-ai-och-forandrade-krav\/\">\n            <div class=\"elementor-post__thumbnail\"><img loading=\"lazy\" decoding=\"async\" width=\"300\" height=\"180\" src=\"https:\/\/easyfairsassets.com\/sites\/140\/2026\/03\/Blogg_Att-starka-lasning-och-skrivande-i-en-tid-av-AI-och-forandrade-krav-300x180.png\" class=\"attachment-medium size-medium wp-image-98663\" alt=\"Tre talare\" srcset=\"https:\/\/easyfairsassets.com\/sites\/140\/2026\/03\/Blogg_Att-starka-lasning-och-skrivande-i-en-tid-av-AI-och-forandrade-krav-300x180.png 300w, https:\/\/easyfairsassets.com\/sites\/140\/2026\/03\/Blogg_Att-starka-lasning-och-skrivande-i-en-tid-av-AI-och-forandrade-krav-1024x616.png 1024w, https:\/\/easyfairsassets.com\/sites\/140\/2026\/03\/Blogg_Att-starka-lasning-och-skrivande-i-en-tid-av-AI-och-forandrade-krav-768x462.png 768w, https:\/\/easyfairsassets.com\/sites\/140\/2026\/03\/Blogg_Att-starka-lasning-och-skrivande-i-en-tid-av-AI-och-forandrade-krav.png 1501w\" sizes=\"(max-width: 300px) 100vw, 300px\" \/><\/div>\n        <\/a>\n         <div data-type=\"post\" data-id=\"98600\" data-nonce=\"2946633843\" class=\"elementor-post__badge btn_feedback easyfairs_like post notsaved left\" tabindex=\"98600\" ><i class=\"fa fa-star-o\" aria-hidden=\"true\"><\/i><\/div>\t\t<div class=\"elementor-post__text\">\n\t\t\t\t<h3 class=\"elementor-post__title\">\n\t\t\t<a href=\"https:\/\/www.settdagarna.se\/sv\/2026\/03\/31\/att-starka-lasning-och-skrivande-i-en-tid-av-ai-och-forandrade-krav\/\" >\n\t\t\t\tAtt st\u00e4rka l\u00e4sning och skrivande i en tid av AI och f\u00f6r\u00e4ndrade krav\t\t\t<\/a>\n\t\t<\/h3>\n\t\t        <a href=\"https:\/\/www.settdagarna.se\/sv\/2026\/03\/31\/att-starka-lasning-och-skrivande-i-en-tid-av-ai-och-forandrade-krav\/\" class=\"elementor-post__excerpt\">\n            <p>Programpunkter om: Att st\u00e4rka l\u00e4sning och skrivande i en tid av AI och f\u00f6r\u00e4ndrade krav Samtidigt som informationsfl\u00f6det \u00f6kar och AI f\u00f6r\u00e4ndrar hur vi l\u00e4ser<\/p>\n        <\/a>\n        \n\t\t<a class=\"elementor-post__read-more\" href=\"https:\/\/www.settdagarna.se\/sv\/2026\/03\/31\/att-starka-lasning-och-skrivande-i-en-tid-av-ai-och-forandrade-krav\/\" aria-label=\"Read more about Att st\u00e4rka l\u00e4sning och skrivande i en tid av AI och f\u00f6r\u00e4ndrade krav\" tabindex=\"-1\" >\n\t\t\tL\u00e4s mer \u00bb\t\t<\/a>\n\n\t\t        <div class=\"elementor-post__meta-data\">\n            \t\t<span class=\"elementor-post-date\">\n\t\t\tmars 31, 2026\t\t<\/span>\n\t\t        <\/div>\n        \t\t<\/div>\n\t\t\t\t\t<\/div>\n\t\t<\/article>\n\t\t\t\t<article class=\"elementor-post elementor-grid-item post-98590 post type-post status-publish format-standard has-post-thumbnail hentry category-okategoriserad\" role=\"listitem\">\n\t\t\t<div class=\"elementor-post__card\">\n\t\t        <a class=\"elementor-post__thumbnail__link\" href=\"https:\/\/www.settdagarna.se\/sv\/2026\/03\/31\/undervisning-i-en-digital-tid-fran-osakerhet-till-medvetna-arbetssatt\/\">\n            <div class=\"elementor-post__thumbnail\"><img loading=\"lazy\" decoding=\"async\" width=\"300\" height=\"180\" src=\"https:\/\/easyfairsassets.com\/sites\/140\/2026\/03\/Blogg_Undervisning-i-en-digital-tid-1-300x180.png\" class=\"attachment-medium size-medium wp-image-98669\" alt=\"Tre talare\" srcset=\"https:\/\/easyfairsassets.com\/sites\/140\/2026\/03\/Blogg_Undervisning-i-en-digital-tid-1-300x180.png 300w, https:\/\/easyfairsassets.com\/sites\/140\/2026\/03\/Blogg_Undervisning-i-en-digital-tid-1-1024x616.png 1024w, https:\/\/easyfairsassets.com\/sites\/140\/2026\/03\/Blogg_Undervisning-i-en-digital-tid-1-768x462.png 768w, https:\/\/easyfairsassets.com\/sites\/140\/2026\/03\/Blogg_Undervisning-i-en-digital-tid-1.png 1501w\" sizes=\"(max-width: 300px) 100vw, 300px\" \/><\/div>\n        <\/a>\n         <div data-type=\"post\" data-id=\"98590\" data-nonce=\"3a71b081c1\" class=\"elementor-post__badge btn_feedback easyfairs_like post notsaved left\" tabindex=\"98590\" ><i class=\"fa fa-star-o\" aria-hidden=\"true\"><\/i><\/div>\t\t<div class=\"elementor-post__text\">\n\t\t\t\t<h3 class=\"elementor-post__title\">\n\t\t\t<a href=\"https:\/\/www.settdagarna.se\/sv\/2026\/03\/31\/undervisning-i-en-digital-tid-fran-osakerhet-till-medvetna-arbetssatt\/\" >\n\t\t\t\tUndervisning i en digital tid \u2013 fr\u00e5n os\u00e4kerhet till medvetna arbetss\u00e4tt\t\t\t<\/a>\n\t\t<\/h3>\n\t\t        <a href=\"https:\/\/www.settdagarna.se\/sv\/2026\/03\/31\/undervisning-i-en-digital-tid-fran-osakerhet-till-medvetna-arbetssatt\/\" class=\"elementor-post__excerpt\">\n            <p>Programpunkter om: Undervisning i en digital tid \u2013 fr\u00e5n os\u00e4kerhet till medvetna arbetss\u00e4tt AI och digitala verktyg \u00e4r redan en sj\u00e4lvklar del av elevernas vardag.<\/p>\n        <\/a>\n        \n\t\t<a class=\"elementor-post__read-more\" href=\"https:\/\/www.settdagarna.se\/sv\/2026\/03\/31\/undervisning-i-en-digital-tid-fran-osakerhet-till-medvetna-arbetssatt\/\" aria-label=\"Read more about Undervisning i en digital tid \u2013 fr\u00e5n os\u00e4kerhet till medvetna arbetss\u00e4tt\" tabindex=\"-1\" >\n\t\t\tL\u00e4s mer \u00bb\t\t<\/a>\n\n\t\t        <div class=\"elementor-post__meta-data\">\n            \t\t<span class=\"elementor-post-date\">\n\t\t\tmars 31, 2026\t\t<\/span>\n\t\t        <\/div>\n        \t\t<\/div>\n\t\t\t\t\t<\/div>\n\t\t<\/article>\n\t\t\t\t<\/div>\n\t\t\n\t\t\t\t\t\t<\/div>\n\t\t\t\t<\/div>\n\t\t\t\t\t<\/div>\n\t\t<\/div>\n\t\t\t\t\t<\/div>\n\t\t<\/section>\n\t\t\t\t<\/div>\n\t\t","protected":false},"excerpt":{"rendered":"<p>Ibland kan man vara s\u00e5 sugen p\u00e5 att l\u00e5sa d\u00f6rren och inte sl\u00e4ppa ut eleverna f\u00f6rr\u00e4n de \u00e4r helt klara, men s\u00e5klart ska vi inte l\u00e5sa in dem p\u00e5 riktigt. Vi ska d\u00e4remot l\u00e5sa in eleverna i en fantasiv\u00e4rld med sp\u00e4nnande uppdrag som motiverar dem till att ta sig till slutet. Men hur g\u00f6r man det?<\/p>\n","protected":false},"author":314,"featured_media":14732,"comment_status":"open","ping_status":"open","sticky":false,"template":"elementor_header_footer","format":"standard","meta":{"_seopress_robots_primary_cat":"none","_seopress_titles_title":"Camilla Askeb\u00e4ck Diaz om escape room i undervisningen","_seopress_titles_desc":"Ibland kan man vara s\u00e5 sugen p\u00e5 att l\u00e5sa d\u00f6rren och inte sl\u00e4ppa ut eleverna f\u00f6rr\u00e4n de \u00e4r helt klara, men s\u00e5klart ska vi inte l\u00e5sa in dem p\u00e5 riktigt. Vi ska d\u00e4remot l\u00e5sa in eleverna i en fantasiv\u00e4rld med sp\u00e4nnande uppdrag som motiverar dem till att ta sig till slutet. Men hur g\u00f6r man det?","_seopress_robots_index":"","footnotes":""},"categories":[1],"tags":[],"edition":[],"class_list":["post-14731","post","type-post","status-publish","format-standard","has-post-thumbnail","hentry","category-okategoriserad"],"_links":{"self":[{"href":"https:\/\/www.settdagarna.se\/sv\/wp-json\/wp\/v2\/posts\/14731","targetHints":{"allow":["GET"]}}],"collection":[{"href":"https:\/\/www.settdagarna.se\/sv\/wp-json\/wp\/v2\/posts"}],"about":[{"href":"https:\/\/www.settdagarna.se\/sv\/wp-json\/wp\/v2\/types\/post"}],"author":[{"embeddable":true,"href":"https:\/\/www.settdagarna.se\/sv\/wp-json\/wp\/v2\/users\/314"}],"replies":[{"embeddable":true,"href":"https:\/\/www.settdagarna.se\/sv\/wp-json\/wp\/v2\/comments?post=14731"}],"version-history":[{"count":5,"href":"https:\/\/www.settdagarna.se\/sv\/wp-json\/wp\/v2\/posts\/14731\/revisions"}],"predecessor-version":[{"id":93913,"href":"https:\/\/www.settdagarna.se\/sv\/wp-json\/wp\/v2\/posts\/14731\/revisions\/93913"}],"wp:featuredmedia":[{"embeddable":true,"href":"https:\/\/www.settdagarna.se\/sv\/wp-json\/wp\/v2\/media\/14732"}],"wp:attachment":[{"href":"https:\/\/www.settdagarna.se\/sv\/wp-json\/wp\/v2\/media?parent=14731"}],"wp:term":[{"taxonomy":"category","embeddable":true,"href":"https:\/\/www.settdagarna.se\/sv\/wp-json\/wp\/v2\/categories?post=14731"},{"taxonomy":"post_tag","embeddable":true,"href":"https:\/\/www.settdagarna.se\/sv\/wp-json\/wp\/v2\/tags?post=14731"},{"taxonomy":"edition","embeddable":true,"href":"https:\/\/www.settdagarna.se\/sv\/wp-json\/wp\/v2\/edition?post=14731"}],"curies":[{"name":"wp","href":"https:\/\/api.w.org\/{rel}","templated":true}]}}