{"id":13403,"date":"2022-02-28T10:40:46","date_gmt":"2022-02-28T09:40:46","guid":{"rendered":"https:\/\/www.settdagarna.se\/?p=13403"},"modified":"2026-04-21T13:31:31","modified_gmt":"2026-04-21T11:31:31","slug":"motivation-och-engagemang-genom-autentisk-sprakundervisning-internationalisering-genom-digitalisering","status":"publish","type":"post","link":"https:\/\/www.settdagarna.se\/sv\/2022\/02\/28\/motivation-och-engagemang-genom-autentisk-sprakundervisning-internationalisering-genom-digitalisering\/","title":{"rendered":"Motivation och engagemang genom autentisk spr\u00e5kundervisning &#8211; internationalisering genom digitalisering"},"content":{"rendered":"\t\t<div data-elementor-type=\"wp-post\" data-elementor-id=\"13403\" class=\"elementor elementor-13403\" data-elementor-post-type=\"post\">\n\t\t\t\t\t\t<section class=\"elementor-section elementor-top-section elementor-element elementor-element-9685980 elementor-section-stretched elementor-section-full_width elementor-section-height-default elementor-section-height-default\" data-id=\"9685980\" data-element_type=\"section\" data-settings=\"{&quot;stretch_section&quot;:&quot;section-stretched&quot;,&quot;background_background&quot;:&quot;classic&quot;}\">\n\t\t\t\t\t\t\t<div class=\"elementor-background-overlay\"><\/div>\n\t\t\t\t\t\t\t<div class=\"elementor-container elementor-column-gap-default\">\n\t\t\t\t\t<div class=\"elementor-column elementor-col-100 elementor-top-column elementor-element elementor-element-399f0be\" data-id=\"399f0be\" data-element_type=\"column\">\n\t\t\t<div class=\"elementor-widget-wrap elementor-element-populated\">\n\t\t\t\t\t\t<div class=\"elementor-element elementor-element-546f7ff elementor-widget elementor-widget-spacer\" data-id=\"546f7ff\" data-element_type=\"widget\" data-widget_type=\"spacer.default\">\n\t\t\t\t<div class=\"elementor-widget-container\">\n\t\t\t\t\t\t\t<div class=\"elementor-spacer\">\n\t\t\t<div class=\"elementor-spacer-inner\"><\/div>\n\t\t<\/div>\n\t\t\t\t\t\t<\/div>\n\t\t\t\t<\/div>\n\t\t\t\t\t<\/div>\n\t\t<\/div>\n\t\t\t\t\t<\/div>\n\t\t<\/section>\n\t\t\t\t<section class=\"elementor-section elementor-top-section elementor-element elementor-element-b83493c elementor-section-boxed elementor-section-height-default elementor-section-height-default\" data-id=\"b83493c\" data-element_type=\"section\">\n\t\t\t\t\t\t\t<div class=\"elementor-background-overlay\"><\/div>\n\t\t\t\t\t\t\t<div class=\"elementor-container elementor-column-gap-default\">\n\t\t\t\t\t<div class=\"elementor-column elementor-col-50 elementor-top-column elementor-element elementor-element-8a05d07\" data-id=\"8a05d07\" data-element_type=\"column\" data-settings=\"{&quot;background_background&quot;:&quot;classic&quot;}\">\n\t\t\t<div class=\"elementor-widget-wrap elementor-element-populated\">\n\t\t\t\t\t\t<div class=\"elementor-element elementor-element-696f98b elementor-widget elementor-widget-spacer\" data-id=\"696f98b\" data-element_type=\"widget\" data-widget_type=\"spacer.default\">\n\t\t\t\t<div class=\"elementor-widget-container\">\n\t\t\t\t\t\t\t<div class=\"elementor-spacer\">\n\t\t\t<div class=\"elementor-spacer-inner\"><\/div>\n\t\t<\/div>\n\t\t\t\t\t\t<\/div>\n\t\t\t\t<\/div>\n\t\t\t\t<div class=\"elementor-element elementor-element-d45d326 elementor-widget elementor-widget-heading\" data-id=\"d45d326\" data-element_type=\"widget\" data-widget_type=\"heading.default\">\n\t\t\t\t<div class=\"elementor-widget-container\">\n\t\t\t\t\t<h1 class=\"elementor-heading-title elementor-size-default\">Motivation och engagemang genom autentisk spr\u00e5kundervisning &#8211; internationalisering genom digitalisering<\/h1>\t\t\t\t<\/div>\n\t\t\t\t<\/div>\n\t\t\t\t<div class=\"elementor-element elementor-element-1b4eded elementor-widget elementor-widget-image\" data-id=\"1b4eded\" data-element_type=\"widget\" data-widget_type=\"image.default\">\n\t\t\t\t<div class=\"elementor-widget-container\">\n\t\t\t\t\t\t\t\t\t\t\t\t\t\t\t<img fetchpriority=\"high\" decoding=\"async\" width=\"495\" height=\"346\" src=\"https:\/\/easyfairsassets.com\/sites\/140\/2022\/02\/Emelie-Hahn_bild.jpg\" class=\"attachment-large size-large wp-image-13404\" alt=\"Emelie Hahn\" srcset=\"https:\/\/easyfairsassets.com\/sites\/140\/2022\/02\/Emelie-Hahn_bild.jpg 495w, https:\/\/easyfairsassets.com\/sites\/140\/2022\/02\/Emelie-Hahn_bild-300x210.jpg 300w\" sizes=\"(max-width: 495px) 100vw, 495px\" \/>\t\t\t\t\t\t\t\t\t\t\t\t\t\t\t<\/div>\n\t\t\t\t<\/div>\n\t\t\t\t<div class=\"elementor-element elementor-element-b639fb1 elementor-widget elementor-widget-text-editor\" data-id=\"b639fb1\" data-element_type=\"widget\" data-widget_type=\"text-editor.default\">\n\t\t\t\t<div class=\"elementor-widget-container\">\n\t\t\t\t\t\t\t\t\t<p>Sedan mitt f\u00f6rsta \u00e5r som l\u00e4rare, i \u00f6ver tio \u00e5rs tid har jag arbetat f\u00f6r att eleverna ska f\u00e5 samarbeta med autentiska mottagare i m\u00e5lspr\u00e5kslandet, som i mitt fall \u00e4r Tyskland i undervisningen. M\u00e5let med det \u00e4r att \u00f6ka elevernas motivation och engagemang, samt deras intresse f\u00f6r m\u00e5lspr\u00e5kslandet och att undervisningen ska k\u00e4nnas meningsfull \u2013 viktig och p\u00e5 riktigt. Samtidigt vill jag ge eleverna en \u00f6kad omv\u00e4rldsf\u00f6rst\u00e5else, interkulturell kompetens, digital kompetens tillsammans med ett \u00f6kat spr\u00e5kligt sj\u00e4lvf\u00f6rtroende.<\/p><p>Omv\u00e4rlden har aldrig varit n\u00e4rmre. Med teknikens utveckling \u00e4r v\u00e4rlden endast ett knapptryck bort och det \u00e4r enkelt att ta ut klassrummet i v\u00e4rlden och ta in v\u00e4rlden i klassrummet \u2013 att resa virtuellt utan att fysiskt f\u00f6rflytta sig; att arbeta med internationaliseringsuppdraget och elevernas digitala kompetens p\u00e5 samma g\u00e5ng.<\/p><p>Genom \u00e5ren har det blivit minst ett projekt per l\u00e4s\u00e5r, dels st\u00f6rre finansierade fler\u00e5rsprojekt med fysiska resor f\u00f6r elever och personal, men \u00e4ven projekt som varit helt digitala. Alla projekt har vi \u00e4ndock lagt upp p\u00e5 samma s\u00e4tt. Vi har ett tema per m\u00e5nad med ett antal uppgifter som vi redovisar p\u00e5 projektets webbsida p\u00e5 datum som best\u00e4mts gemensamt. D\u00e5 vet jag som l\u00e4rare, och kan planera f\u00f6r vilken lektion eleverna och jag g\u00e5r in och tittar p\u00e5 v\u00e5ra partnerskolors uppgifter. I varje uppgift anv\u00e4nds olika digitala verktyg, s\u00e5 att eleverna f\u00e5r utveckla sin digitala kompetens. Projekten utg\u00e5r fr\u00e5n elevernas erfarenheter och intressen, vilket \u00f6kar deras driv och engagemang. Det \u00e4r dock jag som l\u00e4rare som s\u00e4tter ramarna.<\/p><p>Temat en m\u00e5nad i ett projekt var exempelvis \u201cSkola och skolsystem\u201d. Eleverna gjorde en film om sina respektive skolor och en presentation av sitt lands skolsystem. Vi tittade p\u00e5 v\u00e5ra partnerskolors uppgifter efter publicering och j\u00e4mf\u00f6rde likheter och skillnader i ett venndiagram. Varje m\u00e5nad ordnar vi ett \u201clive event\u201d d\u00e4r eleverna f\u00e5r st\u00e4lla fr\u00e5gor till eleverna p\u00e5 partnerskolorna utifr\u00e5n m\u00e5nadens tema och dess uppgifter. Elevernas entusiasm inf\u00f6r dessa tr\u00e4ffar \u00e4r stor och spr\u00e5kgnistan som t\u00e4nds i deras \u00f6gon \u00e4r s\u00e5 stark att den n\u00e4stan g\u00e5r att ta p\u00e5. Genom detta s\u00e4tt att arbeta, genom autentisk spr\u00e5kundervisning i realtid, v\u00e5gar mina elever interagera mer spontant p\u00e5 m\u00e5lspr\u00e5ket d\u00e5 de verkligen vill kunna kommunicera med sina projektkompisar. Vissa elever har g\u00e5tt fr\u00e5n att inte v\u00e5ga presentera sig under ett \u201clive event\u201d till att st\u00e5 framf\u00f6r en hel klass i Tyskland och h\u00e5lla en presentation p\u00e5 m\u00e5lspr\u00e5ket. Kommunikationen eleverna emellan forts\u00e4tter \u00e4ven utanf\u00f6r skoltid, s\u00e5 spr\u00e5kundervisningen forts\u00e4tter \u00e4ven p\u00e5 fritiden.<\/p><p>Eleverna f\u00e5r vidgade vyer och nya perspektiv. Erfarenheter och kunskaper de har nytta av h\u00e4r och nu, men \u00e4ven i framtiden. Broar f\u00f6r ett livsl\u00e5ngt l\u00e4rande kan byggas. Elever som inte tidigare funderat p\u00e5 det, har efter att arbetat i internationella projekt och kontinuerligt rest virtuellt ber\u00e4ttat att de vill forts\u00e4tta l\u00e4sa tyska p\u00e5 gymnasiet och att de vill studera utomlands.<\/p><p>Intresserad av vilka internationella m\u00f6jligheter som finns? <a href=\"https:\/\/www.utbyten.se\/program\/\">Klicka h\u00e4r<\/a> f\u00f6r att se vad som skulle kunna passa b\u00e4st f\u00f6r dina elever, dig och din verksamhet.<\/p>\t\t\t\t\t\t\t\t<\/div>\n\t\t\t\t<\/div>\n\t\t\t\t<div class=\"elementor-element elementor-element-a70e328 elementor-blockquote--skin-border elementor-widget elementor-widget-blockquote\" data-id=\"a70e328\" data-element_type=\"widget\" data-widget_type=\"blockquote.default\">\n\t\t\t\t<div class=\"elementor-widget-container\">\n\t\t\t\t\t\t\t<blockquote class=\"elementor-blockquote\">\n\t\t\t<p class=\"elementor-blockquote__content\">\n\t\t\t\tF\u00f6rfattare: <span style=\"font-family: myriad-pro, sans-serif;font-size: 15px;font-style: normal;font-weight: 400\">Emelie Hahn, f\u00f6rstel\u00e4rare i spr\u00e5k- och kunskapsutvecklande arbetss\u00e4tt, leg. l\u00e4rare i tyska\/SO-\u00e4mnen, eTwinningambassad\u00f6r f\u00f6r Universitets- och h\u00f6gskoler\u00e5det, UHR.<\/span>\t\t\t<\/p>\n\t\t\t\t\t<\/blockquote>\n\t\t\t\t\t\t<\/div>\n\t\t\t\t<\/div>\n\t\t\t\t<div class=\"elementor-element elementor-element-be95de5 elementor-widget elementor-widget-image\" data-id=\"be95de5\" data-element_type=\"widget\" data-widget_type=\"image.default\">\n\t\t\t\t<div class=\"elementor-widget-container\">\n\t\t\t\t\t\t\t\t\t\t\t\t\t\t\t<img decoding=\"async\" width=\"300\" height=\"300\" src=\"https:\/\/easyfairsassets.com\/sites\/140\/2022\/02\/300x300px-Emelie-Hahn.png\" class=\"attachment-medium_large size-medium_large wp-image-13408\" alt=\"Emelie Hahn\" srcset=\"https:\/\/easyfairsassets.com\/sites\/140\/2022\/02\/300x300px-Emelie-Hahn.png 300w, https:\/\/easyfairsassets.com\/sites\/140\/2022\/02\/300x300px-Emelie-Hahn-150x150.png 150w\" sizes=\"(max-width: 300px) 100vw, 300px\" \/>\t\t\t\t\t\t\t\t\t\t\t\t\t\t\t<\/div>\n\t\t\t\t<\/div>\n\t\t\t\t<div class=\"elementor-element elementor-element-e2786c0 elementor-align-left elementor-widget elementor-widget-button\" data-id=\"e2786c0\" data-element_type=\"widget\" data-widget_type=\"button.default\">\n\t\t\t\t<div class=\"elementor-widget-container\">\n\t\t\t\t\t\t\t\t\t<div class=\"elementor-button-wrapper\">\n\t\t\t\t\t<a class=\"elementor-button elementor-button-link elementor-size-sm elementor-animation-grow\" href=\"https:\/\/www.settdagarna.se\/sv\/artiklar\/\">\n\t\t\t\t\t\t<span class=\"elementor-button-content-wrapper\">\n\t\t\t\t\t\t<span class=\"elementor-button-icon\">\n\t\t\t\t<i aria-hidden=\"true\" class=\"fas fa-arrow-left\"><\/i>\t\t\t<\/span>\n\t\t\t\t\t\t\t\t\t<span class=\"elementor-button-text\">Tillbaka till nyheter<\/span>\n\t\t\t\t\t<\/span>\n\t\t\t\t\t<\/a>\n\t\t\t\t<\/div>\n\t\t\t\t\t\t\t\t<\/div>\n\t\t\t\t<\/div>\n\t\t\t\t\t<\/div>\n\t\t<\/div>\n\t\t\t\t<div class=\"elementor-column elementor-col-50 elementor-top-column elementor-element elementor-element-d43d2b9\" data-id=\"d43d2b9\" data-element_type=\"column\" data-settings=\"{&quot;background_background&quot;:&quot;classic&quot;}\">\n\t\t\t<div class=\"elementor-widget-wrap elementor-element-populated\">\n\t\t\t\t\t\t<div class=\"elementor-element elementor-element-c0e607e elementor-widget elementor-widget-heading\" data-id=\"c0e607e\" data-element_type=\"widget\" data-widget_type=\"heading.default\">\n\t\t\t\t<div class=\"elementor-widget-container\">\n\t\t\t\t\t<h3 class=\"elementor-heading-title elementor-size-default\">Dela inl\u00e4gget<\/h3>\t\t\t\t<\/div>\n\t\t\t\t<\/div>\n\t\t\t\t<div class=\"elementor-element elementor-element-e53fb31 elementor-share-buttons--view-icon-text elementor-share-buttons--skin-gradient elementor-share-buttons--shape-square elementor-grid-0 elementor-share-buttons--color-official elementor-widget elementor-widget-share-buttons\" data-id=\"e53fb31\" data-element_type=\"widget\" data-widget_type=\"share-buttons.default\">\n\t\t\t\t<div class=\"elementor-widget-container\">\n\t\t\t\t\t\t\t<div class=\"elementor-grid\" role=\"list\">\n\t\t\t\t\t\t\t\t<div class=\"elementor-grid-item\" role=\"listitem\">\n\t\t\t\t\t\t<div class=\"elementor-share-btn elementor-share-btn_facebook\" role=\"button\" tabindex=\"0\" aria-label=\"Share on facebook\">\n\t\t\t\t\t\t\t\t\t\t\t\t\t\t\t<span class=\"elementor-share-btn__icon\">\n\t\t\t\t\t\t\t\t<i class=\"fab fa-facebook\" aria-hidden=\"true\"><\/i>\t\t\t\t\t\t\t<\/span>\n\t\t\t\t\t\t\t\t\t\t\t\t\t\t\t\t\t\t\t\t\t\t<div class=\"elementor-share-btn__text\">\n\t\t\t\t\t\t\t\t\t\t\t\t\t\t\t\t\t\t\t<span class=\"elementor-share-btn__title\">\n\t\t\t\t\t\t\t\t\t\tFacebook\t\t\t\t\t\t\t\t\t<\/span>\n\t\t\t\t\t\t\t\t\t\t\t\t\t\t\t\t\t<\/div>\n\t\t\t\t\t\t\t\t\t\t\t\t\t<\/div>\n\t\t\t\t\t<\/div>\n\t\t\t\t\t\t\t\t\t<div class=\"elementor-grid-item\" role=\"listitem\">\n\t\t\t\t\t\t<div class=\"elementor-share-btn elementor-share-btn_linkedin\" role=\"button\" tabindex=\"0\" aria-label=\"Share on linkedin\">\n\t\t\t\t\t\t\t\t\t\t\t\t\t\t\t<span class=\"elementor-share-btn__icon\">\n\t\t\t\t\t\t\t\t<i class=\"fab fa-linkedin\" aria-hidden=\"true\"><\/i>\t\t\t\t\t\t\t<\/span>\n\t\t\t\t\t\t\t\t\t\t\t\t\t\t\t\t\t\t\t\t\t\t<div class=\"elementor-share-btn__text\">\n\t\t\t\t\t\t\t\t\t\t\t\t\t\t\t\t\t\t\t<span class=\"elementor-share-btn__title\">\n\t\t\t\t\t\t\t\t\t\tLinkedIn\t\t\t\t\t\t\t\t\t<\/span>\n\t\t\t\t\t\t\t\t\t\t\t\t\t\t\t\t\t<\/div>\n\t\t\t\t\t\t\t\t\t\t\t\t\t<\/div>\n\t\t\t\t\t<\/div>\n\t\t\t\t\t\t\t\t\t<div class=\"elementor-grid-item\" role=\"listitem\">\n\t\t\t\t\t\t<div class=\"elementor-share-btn elementor-share-btn_twitter\" role=\"button\" tabindex=\"0\" aria-label=\"Share on twitter\">\n\t\t\t\t\t\t\t\t\t\t\t\t\t\t\t<span class=\"elementor-share-btn__icon\">\n\t\t\t\t\t\t\t\t<i class=\"fab fa-twitter\" aria-hidden=\"true\"><\/i>\t\t\t\t\t\t\t<\/span>\n\t\t\t\t\t\t\t\t\t\t\t\t\t\t\t\t\t\t\t\t\t\t<div class=\"elementor-share-btn__text\">\n\t\t\t\t\t\t\t\t\t\t\t\t\t\t\t\t\t\t\t<span class=\"elementor-share-btn__title\">\n\t\t\t\t\t\t\t\t\t\tTwitter\t\t\t\t\t\t\t\t\t<\/span>\n\t\t\t\t\t\t\t\t\t\t\t\t\t\t\t\t\t<\/div>\n\t\t\t\t\t\t\t\t\t\t\t\t\t<\/div>\n\t\t\t\t\t<\/div>\n\t\t\t\t\t\t<\/div>\n\t\t\t\t\t\t<\/div>\n\t\t\t\t<\/div>\n\t\t\t\t<div class=\"elementor-element elementor-element-54f8c31 elementor-grid-1 elementor-grid-tablet-2 elementor-grid-mobile-1 elementor-posts--thumbnail-header elementor-card-shadow-yes elementor-posts__hover-gradient elementor-widget elementor-widget-posts\" data-id=\"54f8c31\" data-element_type=\"widget\" data-settings=\"{&quot;cards_wex_columns&quot;:&quot;1&quot;,&quot;cards_wex_columns_tablet&quot;:&quot;2&quot;,&quot;cards_wex_columns_mobile&quot;:&quot;1&quot;,&quot;cards_wex_row_gap&quot;:{&quot;unit&quot;:&quot;px&quot;,&quot;size&quot;:35,&quot;sizes&quot;:[]},&quot;cards_wex_row_gap_tablet&quot;:{&quot;unit&quot;:&quot;px&quot;,&quot;size&quot;:&quot;&quot;,&quot;sizes&quot;:[]},&quot;cards_wex_row_gap_mobile&quot;:{&quot;unit&quot;:&quot;px&quot;,&quot;size&quot;:&quot;&quot;,&quot;sizes&quot;:[]}}\" data-widget_type=\"posts.cards_wex\">\n\t\t\t\t<div class=\"elementor-widget-container\">\n\t\t\t\t\t\t\t<div class=\"elementor-posts-container elementor-posts elementor-posts--skin-cards elementor-grid\" role=\"list\">\n\t\t\t\t<article class=\"elementor-post elementor-grid-item post-99055 post type-post status-publish format-standard has-post-thumbnail hentry category-okategoriserad\" role=\"listitem\">\n\t\t\t<div class=\"elementor-post__card\">\n\t\t        <a class=\"elementor-post__thumbnail__link\" href=\"https:\/\/www.settdagarna.se\/sv\/2026\/04\/09\/verktyg-metoder-och-verklighet-praktiska-workshopar-fran-sett-2026\/\">\n            <div class=\"elementor-post__thumbnail\"><img decoding=\"async\" width=\"300\" height=\"180\" src=\"https:\/\/easyfairsassets.com\/sites\/140\/2026\/04\/Blogg_Workshops-300x180.png\" class=\"attachment-medium size-medium wp-image-99068\" alt=\"Tv\u00e5 tjejer som pysslar\" srcset=\"https:\/\/easyfairsassets.com\/sites\/140\/2026\/04\/Blogg_Workshops-300x180.png 300w, https:\/\/easyfairsassets.com\/sites\/140\/2026\/04\/Blogg_Workshops-1024x616.png 1024w, https:\/\/easyfairsassets.com\/sites\/140\/2026\/04\/Blogg_Workshops-768x462.png 768w, https:\/\/easyfairsassets.com\/sites\/140\/2026\/04\/Blogg_Workshops.png 1501w\" sizes=\"(max-width: 300px) 100vw, 300px\" \/><\/div>\n        <\/a>\n         <div data-type=\"post\" data-id=\"99055\" data-nonce=\"d5c02f367b\" class=\"elementor-post__badge btn_feedback easyfairs_like post notsaved left\" tabindex=\"99055\" ><i class=\"fa fa-star-o\" aria-hidden=\"true\"><\/i><\/div>\t\t<div class=\"elementor-post__text\">\n\t\t\t\t<h3 class=\"elementor-post__title\">\n\t\t\t<a href=\"https:\/\/www.settdagarna.se\/sv\/2026\/04\/09\/verktyg-metoder-och-verklighet-praktiska-workshopar-fran-sett-2026\/\" >\n\t\t\t\tVerktyg, metoder och verklighet \u2013 praktiska workshopar p\u00e5 Sett 2026\t\t\t<\/a>\n\t\t<\/h3>\n\t\t        <a href=\"https:\/\/www.settdagarna.se\/sv\/2026\/04\/09\/verktyg-metoder-och-verklighet-praktiska-workshopar-fran-sett-2026\/\" class=\"elementor-post__excerpt\">\n            <p>delta i workshops Verktyg, metoder och verklighet \u2013 praktiska workshopar p\u00e5 Sett Hur oms\u00e4tter vi stora fr\u00e5gor om AI, demokrati och digitalisering i konkret undervisning<\/p>\n        <\/a>\n        \n\t\t<a class=\"elementor-post__read-more\" href=\"https:\/\/www.settdagarna.se\/sv\/2026\/04\/09\/verktyg-metoder-och-verklighet-praktiska-workshopar-fran-sett-2026\/\" aria-label=\"Read more about Verktyg, metoder och verklighet \u2013 praktiska workshopar p\u00e5 Sett 2026\" tabindex=\"-1\" >\n\t\t\tL\u00e4s mer \u00bb\t\t<\/a>\n\n\t\t        <div class=\"elementor-post__meta-data\">\n            \t\t<span class=\"elementor-post-date\">\n\t\t\tapril 9, 2026\t\t<\/span>\n\t\t        <\/div>\n        \t\t<\/div>\n\t\t\t\t\t<\/div>\n\t\t<\/article>\n\t\t\t\t<article class=\"elementor-post elementor-grid-item post-98639 post type-post status-publish format-standard has-post-thumbnail hentry category-okategoriserad\" role=\"listitem\">\n\t\t\t<div class=\"elementor-post__card\">\n\t\t        <a class=\"elementor-post__thumbnail__link\" href=\"https:\/\/www.settdagarna.se\/sv\/2026\/03\/31\/forskolan-grunden-for-larande-sprak-och-demokrati\/\">\n            <div class=\"elementor-post__thumbnail\"><img loading=\"lazy\" decoding=\"async\" width=\"300\" height=\"180\" src=\"https:\/\/easyfairsassets.com\/sites\/140\/2026\/03\/Blogg_Forskolan-1-300x180.png\" class=\"attachment-medium size-medium wp-image-98692\" alt=\"Tre talare\" srcset=\"https:\/\/easyfairsassets.com\/sites\/140\/2026\/03\/Blogg_Forskolan-1-300x180.png 300w, https:\/\/easyfairsassets.com\/sites\/140\/2026\/03\/Blogg_Forskolan-1-1024x616.png 1024w, https:\/\/easyfairsassets.com\/sites\/140\/2026\/03\/Blogg_Forskolan-1-768x462.png 768w, https:\/\/easyfairsassets.com\/sites\/140\/2026\/03\/Blogg_Forskolan-1.png 1501w\" sizes=\"(max-width: 300px) 100vw, 300px\" \/><\/div>\n        <\/a>\n         <div data-type=\"post\" data-id=\"98639\" data-nonce=\"edf993ee88\" class=\"elementor-post__badge btn_feedback easyfairs_like post notsaved left\" tabindex=\"98639\" ><i class=\"fa fa-star-o\" aria-hidden=\"true\"><\/i><\/div>\t\t<div class=\"elementor-post__text\">\n\t\t\t\t<h3 class=\"elementor-post__title\">\n\t\t\t<a href=\"https:\/\/www.settdagarna.se\/sv\/2026\/03\/31\/forskolan-grunden-for-larande-sprak-och-demokrati\/\" >\n\t\t\t\tF\u00f6rskolan &#8211; grunden f\u00f6r l\u00e4rande, spr\u00e5k och demokrati\t\t\t<\/a>\n\t\t<\/h3>\n\t\t        <a href=\"https:\/\/www.settdagarna.se\/sv\/2026\/03\/31\/forskolan-grunden-for-larande-sprak-och-demokrati\/\" class=\"elementor-post__excerpt\">\n            <p>Programpunkter f\u00f6r: F\u00f6rskolan \u2013 grunden f\u00f6r l\u00e4rande, spr\u00e5k och demokrati Barn m\u00f6ter teknik tidigt, samtidigt som f\u00f6rskolans uppdrag utvecklas. Det st\u00e4ller krav p\u00e5 medvetna pedagogiska<\/p>\n        <\/a>\n        \n\t\t<a class=\"elementor-post__read-more\" href=\"https:\/\/www.settdagarna.se\/sv\/2026\/03\/31\/forskolan-grunden-for-larande-sprak-och-demokrati\/\" aria-label=\"Read more about F\u00f6rskolan &#8211; grunden f\u00f6r l\u00e4rande, spr\u00e5k och demokrati\" tabindex=\"-1\" >\n\t\t\tL\u00e4s mer \u00bb\t\t<\/a>\n\n\t\t        <div class=\"elementor-post__meta-data\">\n            \t\t<span class=\"elementor-post-date\">\n\t\t\tmars 31, 2026\t\t<\/span>\n\t\t        <\/div>\n        \t\t<\/div>\n\t\t\t\t\t<\/div>\n\t\t<\/article>\n\t\t\t\t<article class=\"elementor-post elementor-grid-item post-98629 post type-post status-publish format-standard has-post-thumbnail hentry category-okategoriserad\" role=\"listitem\">\n\t\t\t<div class=\"elementor-post__card\">\n\t\t        <a class=\"elementor-post__thumbnail__link\" href=\"https:\/\/www.settdagarna.se\/sv\/2026\/03\/31\/skolans-roll-i-ett-motstandskraftigt-samhalle\/\">\n            <div class=\"elementor-post__thumbnail\"><img loading=\"lazy\" decoding=\"async\" width=\"300\" height=\"180\" src=\"https:\/\/easyfairsassets.com\/sites\/140\/2026\/03\/Blogg_Skolans-roll-i-ett-motstandskraftigt-samhalle-300x180.png\" class=\"attachment-medium size-medium wp-image-98685\" alt=\"Tre talare\" srcset=\"https:\/\/easyfairsassets.com\/sites\/140\/2026\/03\/Blogg_Skolans-roll-i-ett-motstandskraftigt-samhalle-300x180.png 300w, https:\/\/easyfairsassets.com\/sites\/140\/2026\/03\/Blogg_Skolans-roll-i-ett-motstandskraftigt-samhalle-1024x616.png 1024w, https:\/\/easyfairsassets.com\/sites\/140\/2026\/03\/Blogg_Skolans-roll-i-ett-motstandskraftigt-samhalle-768x462.png 768w, https:\/\/easyfairsassets.com\/sites\/140\/2026\/03\/Blogg_Skolans-roll-i-ett-motstandskraftigt-samhalle.png 1501w\" sizes=\"(max-width: 300px) 100vw, 300px\" \/><\/div>\n        <\/a>\n         <div data-type=\"post\" data-id=\"98629\" data-nonce=\"c53311d4e8\" class=\"elementor-post__badge btn_feedback easyfairs_like post notsaved left\" tabindex=\"98629\" ><i class=\"fa fa-star-o\" aria-hidden=\"true\"><\/i><\/div>\t\t<div class=\"elementor-post__text\">\n\t\t\t\t<h3 class=\"elementor-post__title\">\n\t\t\t<a href=\"https:\/\/www.settdagarna.se\/sv\/2026\/03\/31\/skolans-roll-i-ett-motstandskraftigt-samhalle\/\" >\n\t\t\t\tSkolans roll i ett motst\u00e5ndskraftigt samh\u00e4lle\t\t\t<\/a>\n\t\t<\/h3>\n\t\t        <a href=\"https:\/\/www.settdagarna.se\/sv\/2026\/03\/31\/skolans-roll-i-ett-motstandskraftigt-samhalle\/\" class=\"elementor-post__excerpt\">\n            <p>Programpunkter om: Skolans roll i ett motst\u00e5ndskraftigt samh\u00e4lle I en tid av desinformation, polarisering och \u00f6kad os\u00e4kerhet st\u00e4lls nya krav p\u00e5 skolan. Elever beh\u00f6ver inte<\/p>\n        <\/a>\n        \n\t\t<a class=\"elementor-post__read-more\" href=\"https:\/\/www.settdagarna.se\/sv\/2026\/03\/31\/skolans-roll-i-ett-motstandskraftigt-samhalle\/\" aria-label=\"Read more about Skolans roll i ett motst\u00e5ndskraftigt samh\u00e4lle\" tabindex=\"-1\" >\n\t\t\tL\u00e4s mer \u00bb\t\t<\/a>\n\n\t\t        <div class=\"elementor-post__meta-data\">\n            \t\t<span class=\"elementor-post-date\">\n\t\t\tmars 31, 2026\t\t<\/span>\n\t\t        <\/div>\n        \t\t<\/div>\n\t\t\t\t\t<\/div>\n\t\t<\/article>\n\t\t\t\t<article class=\"elementor-post elementor-grid-item post-98616 post type-post status-publish format-standard has-post-thumbnail hentry category-okategoriserad\" role=\"listitem\">\n\t\t\t<div class=\"elementor-post__card\">\n\t\t        <a class=\"elementor-post__thumbnail__link\" href=\"https:\/\/www.settdagarna.se\/sv\/2026\/03\/31\/en-skola-for-alla-att-mota-okade-skillnader-med-kunskap-och-handling\/\">\n            <div class=\"elementor-post__thumbnail\"><img loading=\"lazy\" decoding=\"async\" width=\"300\" height=\"180\" src=\"https:\/\/easyfairsassets.com\/sites\/140\/2026\/03\/Blogg_En-skola-for-alla-300x180.png\" class=\"attachment-medium size-medium wp-image-98665\" alt=\"Tre talare\" srcset=\"https:\/\/easyfairsassets.com\/sites\/140\/2026\/03\/Blogg_En-skola-for-alla-300x180.png 300w, https:\/\/easyfairsassets.com\/sites\/140\/2026\/03\/Blogg_En-skola-for-alla-1024x616.png 1024w, https:\/\/easyfairsassets.com\/sites\/140\/2026\/03\/Blogg_En-skola-for-alla-768x462.png 768w, https:\/\/easyfairsassets.com\/sites\/140\/2026\/03\/Blogg_En-skola-for-alla.png 1501w\" sizes=\"(max-width: 300px) 100vw, 300px\" \/><\/div>\n        <\/a>\n         <div data-type=\"post\" data-id=\"98616\" data-nonce=\"bbca1335a2\" class=\"elementor-post__badge btn_feedback easyfairs_like post notsaved left\" tabindex=\"98616\" ><i class=\"fa fa-star-o\" aria-hidden=\"true\"><\/i><\/div>\t\t<div class=\"elementor-post__text\">\n\t\t\t\t<h3 class=\"elementor-post__title\">\n\t\t\t<a href=\"https:\/\/www.settdagarna.se\/sv\/2026\/03\/31\/en-skola-for-alla-att-mota-okade-skillnader-med-kunskap-och-handling\/\" >\n\t\t\t\tEn skola f\u00f6r alla &#8211; att m\u00f6ta \u00f6kade skillnader med kunskap och handling\t\t\t<\/a>\n\t\t<\/h3>\n\t\t        <a href=\"https:\/\/www.settdagarna.se\/sv\/2026\/03\/31\/en-skola-for-alla-att-mota-okade-skillnader-med-kunskap-och-handling\/\" class=\"elementor-post__excerpt\">\n            <p>Programpunkter om: En skola f\u00f6r alla \u2013 att m\u00f6ta \u00f6kade skillnader med kunskap och handling Skillnader mellan elevgrupper \u00f6kar, och fler elever riskerar att hamna<\/p>\n        <\/a>\n        \n\t\t<a class=\"elementor-post__read-more\" href=\"https:\/\/www.settdagarna.se\/sv\/2026\/03\/31\/en-skola-for-alla-att-mota-okade-skillnader-med-kunskap-och-handling\/\" aria-label=\"Read more about En skola f\u00f6r alla &#8211; att m\u00f6ta \u00f6kade skillnader med kunskap och handling\" tabindex=\"-1\" >\n\t\t\tL\u00e4s mer \u00bb\t\t<\/a>\n\n\t\t        <div class=\"elementor-post__meta-data\">\n            \t\t<span class=\"elementor-post-date\">\n\t\t\tmars 31, 2026\t\t<\/span>\n\t\t        <\/div>\n        \t\t<\/div>\n\t\t\t\t\t<\/div>\n\t\t<\/article>\n\t\t\t\t<article class=\"elementor-post elementor-grid-item post-98600 post type-post status-publish format-standard has-post-thumbnail hentry category-okategoriserad\" role=\"listitem\">\n\t\t\t<div class=\"elementor-post__card\">\n\t\t        <a class=\"elementor-post__thumbnail__link\" href=\"https:\/\/www.settdagarna.se\/sv\/2026\/03\/31\/att-starka-lasning-och-skrivande-i-en-tid-av-ai-och-forandrade-krav\/\">\n            <div class=\"elementor-post__thumbnail\"><img loading=\"lazy\" decoding=\"async\" width=\"300\" height=\"180\" src=\"https:\/\/easyfairsassets.com\/sites\/140\/2026\/03\/Blogg_Att-starka-lasning-och-skrivande-i-en-tid-av-AI-och-forandrade-krav-300x180.png\" class=\"attachment-medium size-medium wp-image-98663\" alt=\"Tre talare\" srcset=\"https:\/\/easyfairsassets.com\/sites\/140\/2026\/03\/Blogg_Att-starka-lasning-och-skrivande-i-en-tid-av-AI-och-forandrade-krav-300x180.png 300w, https:\/\/easyfairsassets.com\/sites\/140\/2026\/03\/Blogg_Att-starka-lasning-och-skrivande-i-en-tid-av-AI-och-forandrade-krav-1024x616.png 1024w, https:\/\/easyfairsassets.com\/sites\/140\/2026\/03\/Blogg_Att-starka-lasning-och-skrivande-i-en-tid-av-AI-och-forandrade-krav-768x462.png 768w, https:\/\/easyfairsassets.com\/sites\/140\/2026\/03\/Blogg_Att-starka-lasning-och-skrivande-i-en-tid-av-AI-och-forandrade-krav.png 1501w\" sizes=\"(max-width: 300px) 100vw, 300px\" \/><\/div>\n        <\/a>\n         <div data-type=\"post\" data-id=\"98600\" data-nonce=\"2fb6eebcc0\" class=\"elementor-post__badge btn_feedback easyfairs_like post notsaved left\" tabindex=\"98600\" ><i class=\"fa fa-star-o\" aria-hidden=\"true\"><\/i><\/div>\t\t<div class=\"elementor-post__text\">\n\t\t\t\t<h3 class=\"elementor-post__title\">\n\t\t\t<a href=\"https:\/\/www.settdagarna.se\/sv\/2026\/03\/31\/att-starka-lasning-och-skrivande-i-en-tid-av-ai-och-forandrade-krav\/\" >\n\t\t\t\tAtt st\u00e4rka l\u00e4sning och skrivande i en tid av AI och f\u00f6r\u00e4ndrade krav\t\t\t<\/a>\n\t\t<\/h3>\n\t\t        <a href=\"https:\/\/www.settdagarna.se\/sv\/2026\/03\/31\/att-starka-lasning-och-skrivande-i-en-tid-av-ai-och-forandrade-krav\/\" class=\"elementor-post__excerpt\">\n            <p>Programpunkter om: Att st\u00e4rka l\u00e4sning och skrivande i en tid av AI och f\u00f6r\u00e4ndrade krav Samtidigt som informationsfl\u00f6det \u00f6kar och AI f\u00f6r\u00e4ndrar hur vi l\u00e4ser<\/p>\n        <\/a>\n        \n\t\t<a class=\"elementor-post__read-more\" href=\"https:\/\/www.settdagarna.se\/sv\/2026\/03\/31\/att-starka-lasning-och-skrivande-i-en-tid-av-ai-och-forandrade-krav\/\" aria-label=\"Read more about Att st\u00e4rka l\u00e4sning och skrivande i en tid av AI och f\u00f6r\u00e4ndrade krav\" tabindex=\"-1\" >\n\t\t\tL\u00e4s mer \u00bb\t\t<\/a>\n\n\t\t        <div class=\"elementor-post__meta-data\">\n            \t\t<span class=\"elementor-post-date\">\n\t\t\tmars 31, 2026\t\t<\/span>\n\t\t        <\/div>\n        \t\t<\/div>\n\t\t\t\t\t<\/div>\n\t\t<\/article>\n\t\t\t\t<article class=\"elementor-post elementor-grid-item post-98590 post type-post status-publish format-standard has-post-thumbnail hentry category-okategoriserad\" role=\"listitem\">\n\t\t\t<div class=\"elementor-post__card\">\n\t\t        <a class=\"elementor-post__thumbnail__link\" href=\"https:\/\/www.settdagarna.se\/sv\/2026\/03\/31\/undervisning-i-en-digital-tid-fran-osakerhet-till-medvetna-arbetssatt\/\">\n            <div class=\"elementor-post__thumbnail\"><img loading=\"lazy\" decoding=\"async\" width=\"300\" height=\"180\" src=\"https:\/\/easyfairsassets.com\/sites\/140\/2026\/03\/Blogg_Undervisning-i-en-digital-tid-1-300x180.png\" class=\"attachment-medium size-medium wp-image-98669\" alt=\"Tre talare\" srcset=\"https:\/\/easyfairsassets.com\/sites\/140\/2026\/03\/Blogg_Undervisning-i-en-digital-tid-1-300x180.png 300w, https:\/\/easyfairsassets.com\/sites\/140\/2026\/03\/Blogg_Undervisning-i-en-digital-tid-1-1024x616.png 1024w, https:\/\/easyfairsassets.com\/sites\/140\/2026\/03\/Blogg_Undervisning-i-en-digital-tid-1-768x462.png 768w, https:\/\/easyfairsassets.com\/sites\/140\/2026\/03\/Blogg_Undervisning-i-en-digital-tid-1.png 1501w\" sizes=\"(max-width: 300px) 100vw, 300px\" \/><\/div>\n        <\/a>\n         <div data-type=\"post\" data-id=\"98590\" data-nonce=\"54d5c3ae60\" class=\"elementor-post__badge btn_feedback easyfairs_like post notsaved left\" tabindex=\"98590\" ><i class=\"fa fa-star-o\" aria-hidden=\"true\"><\/i><\/div>\t\t<div class=\"elementor-post__text\">\n\t\t\t\t<h3 class=\"elementor-post__title\">\n\t\t\t<a href=\"https:\/\/www.settdagarna.se\/sv\/2026\/03\/31\/undervisning-i-en-digital-tid-fran-osakerhet-till-medvetna-arbetssatt\/\" >\n\t\t\t\tUndervisning i en digital tid \u2013 fr\u00e5n os\u00e4kerhet till medvetna arbetss\u00e4tt\t\t\t<\/a>\n\t\t<\/h3>\n\t\t        <a href=\"https:\/\/www.settdagarna.se\/sv\/2026\/03\/31\/undervisning-i-en-digital-tid-fran-osakerhet-till-medvetna-arbetssatt\/\" class=\"elementor-post__excerpt\">\n            <p>Programpunkter om: Undervisning i en digital tid \u2013 fr\u00e5n os\u00e4kerhet till medvetna arbetss\u00e4tt AI och digitala verktyg \u00e4r redan en sj\u00e4lvklar del av elevernas vardag.<\/p>\n        <\/a>\n        \n\t\t<a class=\"elementor-post__read-more\" href=\"https:\/\/www.settdagarna.se\/sv\/2026\/03\/31\/undervisning-i-en-digital-tid-fran-osakerhet-till-medvetna-arbetssatt\/\" aria-label=\"Read more about Undervisning i en digital tid \u2013 fr\u00e5n os\u00e4kerhet till medvetna arbetss\u00e4tt\" tabindex=\"-1\" >\n\t\t\tL\u00e4s mer \u00bb\t\t<\/a>\n\n\t\t        <div class=\"elementor-post__meta-data\">\n            \t\t<span class=\"elementor-post-date\">\n\t\t\tmars 31, 2026\t\t<\/span>\n\t\t        <\/div>\n        \t\t<\/div>\n\t\t\t\t\t<\/div>\n\t\t<\/article>\n\t\t\t\t<\/div>\n\t\t\n\t\t\t\t\t\t<\/div>\n\t\t\t\t<\/div>\n\t\t\t\t\t<\/div>\n\t\t<\/div>\n\t\t\t\t\t<\/div>\n\t\t<\/section>\n\t\t\t\t<\/div>\n\t\t","protected":false},"excerpt":{"rendered":"<p class=\"MsoNormal\"><span style=\"font-size: 11.0pt;line-height: 107%;font-family: 'Calibri',sans-serif\">Sedan mitt f\u00f6rsta \u00e5r som l\u00e4rare, i \u00f6ver tio \u00e5rs tid har jag arbetat f\u00f6r att eleverna ska f\u00e5 samarbeta med autentiska mottagare i m\u00e5lspr\u00e5kslandet, som i mitt fall \u00e4r Tyskland i undervisningen. M\u00e5let med det \u00e4r att \u00f6ka elevernas motivation och engagemang, samt deras intresse f\u00f6r m\u00e5lspr\u00e5kslandet och att undervisningen ska k\u00e4nnas meningsfull \u2013 viktig och p\u00e5 riktigt.\u00a0<\/span><\/p>\n","protected":false},"author":314,"featured_media":13404,"comment_status":"open","ping_status":"open","sticky":false,"template":"elementor_header_footer","format":"standard","meta":{"_seopress_robots_primary_cat":"none","_seopress_titles_title":"Motivation och engagemang genom autentisk spr\u00e5kundervisning - internationalisering genom digitalisering","_seopress_titles_desc":"Sedan mitt f\u00f6rsta \u00e5r som l\u00e4rare, i \u00f6ver tio \u00e5rs tid har jag arbetat f\u00f6r att eleverna ska f\u00e5 samarbeta med autentiska mottagare i m\u00e5lspr\u00e5kslandet, som i mitt fall \u00e4r Tyskland i undervisningen. M\u00e5let med det \u00e4r att \u00f6ka elevernas motivation och engagemang, samt deras intresse f\u00f6r m\u00e5lspr\u00e5kslandet och att undervisningen ska k\u00e4nnas meningsfull \u2013 viktig och p\u00e5 riktigt. ","_seopress_robots_index":"","footnotes":""},"categories":[366],"tags":[],"edition":[],"class_list":["post-13403","post","type-post","status-publish","format-standard","has-post-thumbnail","hentry","category-talare"],"_links":{"self":[{"href":"https:\/\/www.settdagarna.se\/sv\/wp-json\/wp\/v2\/posts\/13403","targetHints":{"allow":["GET"]}}],"collection":[{"href":"https:\/\/www.settdagarna.se\/sv\/wp-json\/wp\/v2\/posts"}],"about":[{"href":"https:\/\/www.settdagarna.se\/sv\/wp-json\/wp\/v2\/types\/post"}],"author":[{"embeddable":true,"href":"https:\/\/www.settdagarna.se\/sv\/wp-json\/wp\/v2\/users\/314"}],"replies":[{"embeddable":true,"href":"https:\/\/www.settdagarna.se\/sv\/wp-json\/wp\/v2\/comments?post=13403"}],"version-history":[{"count":5,"href":"https:\/\/www.settdagarna.se\/sv\/wp-json\/wp\/v2\/posts\/13403\/revisions"}],"predecessor-version":[{"id":99692,"href":"https:\/\/www.settdagarna.se\/sv\/wp-json\/wp\/v2\/posts\/13403\/revisions\/99692"}],"wp:featuredmedia":[{"embeddable":true,"href":"https:\/\/www.settdagarna.se\/sv\/wp-json\/wp\/v2\/media\/13404"}],"wp:attachment":[{"href":"https:\/\/www.settdagarna.se\/sv\/wp-json\/wp\/v2\/media?parent=13403"}],"wp:term":[{"taxonomy":"category","embeddable":true,"href":"https:\/\/www.settdagarna.se\/sv\/wp-json\/wp\/v2\/categories?post=13403"},{"taxonomy":"post_tag","embeddable":true,"href":"https:\/\/www.settdagarna.se\/sv\/wp-json\/wp\/v2\/tags?post=13403"},{"taxonomy":"edition","embeddable":true,"href":"https:\/\/www.settdagarna.se\/sv\/wp-json\/wp\/v2\/edition?post=13403"}],"curies":[{"name":"wp","href":"https:\/\/api.w.org\/{rel}","templated":true}]}}