{"id":13186,"date":"2022-02-23T12:45:05","date_gmt":"2022-02-23T11:45:05","guid":{"rendered":"https:\/\/www.settdagarna.se\/?p=13186"},"modified":"2025-08-14T09:01:48","modified_gmt":"2025-08-14T07:01:48","slug":"gaming-som-motion-i-klassrummet","status":"publish","type":"post","link":"https:\/\/www.settdagarna.se\/sv\/2022\/02\/23\/gaming-som-motion-i-klassrummet\/","title":{"rendered":"Gaming som motion i klassrummet"},"content":{"rendered":"\t\t<div data-elementor-type=\"wp-post\" data-elementor-id=\"13186\" class=\"elementor elementor-13186\" data-elementor-post-type=\"post\">\n\t\t\t\t\t\t<section class=\"elementor-section elementor-top-section elementor-element elementor-element-9685980 elementor-section-stretched elementor-section-full_width elementor-section-height-default elementor-section-height-default\" data-id=\"9685980\" data-element_type=\"section\" data-settings=\"{&quot;stretch_section&quot;:&quot;section-stretched&quot;,&quot;background_background&quot;:&quot;classic&quot;}\">\n\t\t\t\t\t\t\t<div class=\"elementor-background-overlay\"><\/div>\n\t\t\t\t\t\t\t<div class=\"elementor-container elementor-column-gap-default\">\n\t\t\t\t\t<div class=\"elementor-column elementor-col-100 elementor-top-column elementor-element elementor-element-399f0be\" data-id=\"399f0be\" data-element_type=\"column\">\n\t\t\t<div class=\"elementor-widget-wrap elementor-element-populated\">\n\t\t\t\t\t\t<div class=\"elementor-element elementor-element-546f7ff elementor-widget elementor-widget-spacer\" data-id=\"546f7ff\" data-element_type=\"widget\" data-widget_type=\"spacer.default\">\n\t\t\t\t<div class=\"elementor-widget-container\">\n\t\t\t\t\t\t\t<div class=\"elementor-spacer\">\n\t\t\t<div class=\"elementor-spacer-inner\"><\/div>\n\t\t<\/div>\n\t\t\t\t\t\t<\/div>\n\t\t\t\t<\/div>\n\t\t\t\t\t<\/div>\n\t\t<\/div>\n\t\t\t\t\t<\/div>\n\t\t<\/section>\n\t\t\t\t<section class=\"elementor-section elementor-top-section elementor-element elementor-element-b83493c elementor-section-boxed elementor-section-height-default elementor-section-height-default\" data-id=\"b83493c\" data-element_type=\"section\">\n\t\t\t\t\t\t\t<div class=\"elementor-background-overlay\"><\/div>\n\t\t\t\t\t\t\t<div class=\"elementor-container elementor-column-gap-default\">\n\t\t\t\t\t<div class=\"elementor-column elementor-col-50 elementor-top-column elementor-element elementor-element-8a05d07\" data-id=\"8a05d07\" data-element_type=\"column\" data-settings=\"{&quot;background_background&quot;:&quot;classic&quot;}\">\n\t\t\t<div class=\"elementor-widget-wrap elementor-element-populated\">\n\t\t\t\t\t\t<div class=\"elementor-element elementor-element-696f98b elementor-widget elementor-widget-spacer\" data-id=\"696f98b\" data-element_type=\"widget\" data-widget_type=\"spacer.default\">\n\t\t\t\t<div class=\"elementor-widget-container\">\n\t\t\t\t\t\t\t<div class=\"elementor-spacer\">\n\t\t\t<div class=\"elementor-spacer-inner\"><\/div>\n\t\t<\/div>\n\t\t\t\t\t\t<\/div>\n\t\t\t\t<\/div>\n\t\t\t\t<div class=\"elementor-element elementor-element-d45d326 elementor-widget elementor-widget-heading\" data-id=\"d45d326\" data-element_type=\"widget\" data-widget_type=\"heading.default\">\n\t\t\t\t<div class=\"elementor-widget-container\">\n\t\t\t\t\t<h1 class=\"elementor-heading-title elementor-size-default\">Gaming som motion i klassrummet<\/h1>\t\t\t\t<\/div>\n\t\t\t\t<\/div>\n\t\t\t\t<div class=\"elementor-element elementor-element-1b4eded elementor-widget elementor-widget-image\" data-id=\"1b4eded\" data-element_type=\"widget\" data-widget_type=\"image.default\">\n\t\t\t\t<div class=\"elementor-widget-container\">\n\t\t\t\t\t\t\t\t\t\t\t\t\t\t\t<img fetchpriority=\"high\" decoding=\"async\" width=\"800\" height=\"419\" src=\"https:\/\/easyfairsassets.com\/sites\/140\/2022\/02\/Monica_Cardozo_blogg-1024x536.png\" class=\"attachment-large size-large wp-image-13203\" alt=\"Gaming som motion\" srcset=\"https:\/\/easyfairsassets.com\/sites\/140\/2022\/02\/Monica_Cardozo_blogg-1024x536.png 1024w, https:\/\/easyfairsassets.com\/sites\/140\/2022\/02\/Monica_Cardozo_blogg-300x157.png 300w, https:\/\/easyfairsassets.com\/sites\/140\/2022\/02\/Monica_Cardozo_blogg-768x402.png 768w, https:\/\/easyfairsassets.com\/sites\/140\/2022\/02\/Monica_Cardozo_blogg.png 1200w\" sizes=\"(max-width: 800px) 100vw, 800px\" \/>\t\t\t\t\t\t\t\t\t\t\t\t\t\t\t<\/div>\n\t\t\t\t<\/div>\n\t\t\t\t<div class=\"elementor-element elementor-element-b639fb1 elementor-widget elementor-widget-text-editor\" data-id=\"b639fb1\" data-element_type=\"widget\" data-widget_type=\"text-editor.default\">\n\t\t\t\t<div class=\"elementor-widget-container\">\n\t\t\t\t\t\t\t\t\t<p>L\u00e4rande ska vara lustfylld och engagerande. \u00c5tminstone ska man som l\u00e4rare str\u00e4va efter att ha ett klassrum d\u00e4r alla kan ha minst en moment som de tycker \u00e4r rolig. Majoriteten av mina elever tycker att spel \u00e4r rolig och det \u00e4r p\u00e5 det s\u00e4ttet vi jobbar med glosor och begrepp.\u00a0<\/p><p>Vi anv\u00e4nder Kahoot!, Wooclap, AnswerGarden, Elevspel, bl.a. men favoriter \u00e4r Quizlet. Den \u00e4r versatil och har olika roliga aktiviteter som g\u00f6r l\u00e4rande flersidigt. Vi brukar spela Quizlet Life n\u00e4stan varje lektion efter genomg\u00e5ngen och d\u00e5 f\u00e5r eleverna samarbeta och bygga kunskap tillsammans. Jag har satt som regel att alla m\u00e5ste g\u00e5 upp mellan varven och hitta sin grupp. Detta f\u00e5r dem att r\u00f6ra p\u00e5 sig. Jag f\u00f6rs\u00f6ker ta in en sorts motion och r\u00f6relse p\u00e5 grund av f\u00f6rdelarna som det har p\u00e5 hj\u00e4rnan.\u00a0<\/p><p>N\u00e4r vi b\u00f6rjade jobba med eleverna p\u00e5 distans och vi skulle spela, gav jag dem olika uppdrag som: g\u00e5 mot ett f\u00f6nster och f\u00e5 ljus p\u00e5 dig, g\u00e5 mot en d\u00f6rr och luta mot den, l\u00e4gg dig p\u00e5 golvet med f\u00f6tterna p\u00e5 en s\u00e4ng eller g\u00f6m dig under ett bord.\u00a0<\/p><p>Jag antog att de tillbringade m\u00e4nger av stillasittande tid och ville f\u00e5 dem att r\u00f6ra p\u00e5 sig, medveten om att s\u00e4kert h\u00e4lften satt kvar och tyckte att jag var konstig.<\/p><p>N\u00e4r klassrummet blev hybrid och jag hade elever b\u00e5de i klassrummet och p\u00e5 distans, fick jag hitta p\u00e5 saker alla kunde g\u00f6ra. Det blev saker som: ta en stol och anv\u00e4nd den fel, sitta p\u00e5 ett bord, sitta p\u00e5 huk under en lampa, l\u00e4gg en fot p\u00e5 ett bord, luta mot en v\u00e4gg eller placera huvudet mot en d\u00f6rr.<\/p><p>Mina sjuor tyckte att det var superroligt att g\u00f6ra de sakerna jag hittade p\u00e5 med dem som var hemma och vill g\u00e4rna spela numera vad de kallar f\u00f6r \u201cuppdrag Quizlet\u201d \u00e4ven i grupp. Jag tycker sj\u00e4lv att det \u00e4r v\u00e4ldig r\u00f6rig, s\u00e5 vi har kommit \u00f6verens om \u201cvarannan g\u00e5ng\u201d \ud83d\ude04<\/p><p>Det jag ins\u00e5g var att det fanns tv\u00e5 f\u00f6rdelar med arbetss\u00e4ttet (spels\u00e4ttet) jag inte hade t\u00e4nkt p\u00e5. En att jag utmanar deras kreativitet. Jag har h\u00f6rt saker som \u201c\u00e4ntligen anv\u00e4nda stolen fel, jag har t\u00e4nkt p\u00e5 en sak\u201d, eller \u201cblir det g\u00f6mma sig idag? Jag har en id\u00e9\u201d. Det andra saken \u00e4r att jag t\u00e4nker att det tr\u00e4nar deras \u201cspace memory\u201d. Att de kanske kommer ih\u00e5g saker b\u00e4ttre f\u00f6r att det blir associationer till en \u201ckonstig plats\u201d<\/p><p>Det utmanar \u00e4ven min kreativitet, jag g\u00e5r runt och t\u00e4nker p\u00e5 \u201cvad ska jag g\u00f6ra nu med dem?\u201d medan eleverna spelar. S\u00e5, precis som de flesta saker som blir bra i mitt klassrum, spels\u00e4ttet \u00e4r annorlunda, lite udda och det handlar om att vara or\u00e4dd och testa, g\u00f6ra fel och g\u00f6ra om.\u00a0<\/p>\t\t\t\t\t\t\t\t<\/div>\n\t\t\t\t<\/div>\n\t\t\t\t<div class=\"elementor-element elementor-element-a70e328 elementor-blockquote--skin-border elementor-widget elementor-widget-blockquote\" data-id=\"a70e328\" data-element_type=\"widget\" data-widget_type=\"blockquote.default\">\n\t\t\t\t<div class=\"elementor-widget-container\">\n\t\t\t\t\t\t\t<blockquote class=\"elementor-blockquote\">\n\t\t\t<p class=\"elementor-blockquote__content\">\n\t\t\t\tF\u00f6rfattare: <span style=\"font-family: myriad-pro, sans-serif;font-size: 15px;font-style: normal;font-weight: 400\">Monica Cardozo, utbildad journalist i Venezuela. Hon utbildade sig till gymnasiel\u00e4rare i Sverige och har jobbat inom olika skolformer sedan 2006.<\/span>\n\t\t\t<\/p>\n\t\t\t\t\t<\/blockquote>\n\t\t\t\t\t\t<\/div>\n\t\t\t\t<\/div>\n\t\t\t\t<div class=\"elementor-element elementor-element-be95de5 elementor-widget elementor-widget-image\" data-id=\"be95de5\" data-element_type=\"widget\" data-widget_type=\"image.default\">\n\t\t\t\t<div class=\"elementor-widget-container\">\n\t\t\t\t\t\t\t\t\t\t\t\t\t\t\t<img decoding=\"async\" width=\"300\" height=\"300\" src=\"https:\/\/easyfairsassets.com\/sites\/140\/2021\/10\/300x300px-Monica-Cardozo.png\" class=\"attachment-medium_large size-medium_large wp-image-8907\" alt=\"Monica Cardozo\" srcset=\"https:\/\/easyfairsassets.com\/sites\/140\/2021\/10\/300x300px-Monica-Cardozo.png 300w, https:\/\/easyfairsassets.com\/sites\/140\/2021\/10\/300x300px-Monica-Cardozo-150x150.png 150w\" sizes=\"(max-width: 300px) 100vw, 300px\" \/>\t\t\t\t\t\t\t\t\t\t\t\t\t\t\t<\/div>\n\t\t\t\t<\/div>\n\t\t\t\t<div class=\"elementor-element elementor-element-e2786c0 elementor-align-left elementor-widget elementor-widget-button\" data-id=\"e2786c0\" data-element_type=\"widget\" data-widget_type=\"button.default\">\n\t\t\t\t<div class=\"elementor-widget-container\">\n\t\t\t\t\t\t\t\t\t<div class=\"elementor-button-wrapper\">\n\t\t\t\t\t<a class=\"elementor-button elementor-button-link elementor-size-sm elementor-animation-grow\" href=\"https:\/\/www.settdagarna.se\/sv\/artiklar\/\">\n\t\t\t\t\t\t<span class=\"elementor-button-content-wrapper\">\n\t\t\t\t\t\t<span class=\"elementor-button-icon\">\n\t\t\t\t<i aria-hidden=\"true\" class=\"fas fa-arrow-left\"><\/i>\t\t\t<\/span>\n\t\t\t\t\t\t\t\t\t<span class=\"elementor-button-text\">Tillbaka till nyheter<\/span>\n\t\t\t\t\t<\/span>\n\t\t\t\t\t<\/a>\n\t\t\t\t<\/div>\n\t\t\t\t\t\t\t\t<\/div>\n\t\t\t\t<\/div>\n\t\t\t\t\t<\/div>\n\t\t<\/div>\n\t\t\t\t<div class=\"elementor-column elementor-col-50 elementor-top-column elementor-element elementor-element-d43d2b9\" data-id=\"d43d2b9\" data-element_type=\"column\" data-settings=\"{&quot;background_background&quot;:&quot;classic&quot;}\">\n\t\t\t<div class=\"elementor-widget-wrap elementor-element-populated\">\n\t\t\t\t\t\t<div class=\"elementor-element elementor-element-c0e607e elementor-widget elementor-widget-heading\" data-id=\"c0e607e\" data-element_type=\"widget\" data-widget_type=\"heading.default\">\n\t\t\t\t<div class=\"elementor-widget-container\">\n\t\t\t\t\t<h3 class=\"elementor-heading-title elementor-size-default\">Dela inl\u00e4gget<\/h3>\t\t\t\t<\/div>\n\t\t\t\t<\/div>\n\t\t\t\t<div class=\"elementor-element elementor-element-e53fb31 elementor-share-buttons--view-icon-text elementor-share-buttons--skin-gradient elementor-share-buttons--shape-square elementor-grid-0 elementor-share-buttons--color-official elementor-widget elementor-widget-share-buttons\" data-id=\"e53fb31\" data-element_type=\"widget\" data-widget_type=\"share-buttons.default\">\n\t\t\t\t<div class=\"elementor-widget-container\">\n\t\t\t\t\t\t\t<div class=\"elementor-grid\" role=\"list\">\n\t\t\t\t\t\t\t\t<div class=\"elementor-grid-item\" role=\"listitem\">\n\t\t\t\t\t\t<div class=\"elementor-share-btn elementor-share-btn_facebook\" role=\"button\" tabindex=\"0\" aria-label=\"Share on facebook\">\n\t\t\t\t\t\t\t\t\t\t\t\t\t\t\t<span class=\"elementor-share-btn__icon\">\n\t\t\t\t\t\t\t\t<i class=\"fab fa-facebook\" aria-hidden=\"true\"><\/i>\t\t\t\t\t\t\t<\/span>\n\t\t\t\t\t\t\t\t\t\t\t\t\t\t\t\t\t\t\t\t\t\t<div class=\"elementor-share-btn__text\">\n\t\t\t\t\t\t\t\t\t\t\t\t\t\t\t\t\t\t\t<span class=\"elementor-share-btn__title\">\n\t\t\t\t\t\t\t\t\t\tFacebook\t\t\t\t\t\t\t\t\t<\/span>\n\t\t\t\t\t\t\t\t\t\t\t\t\t\t\t\t\t<\/div>\n\t\t\t\t\t\t\t\t\t\t\t\t\t<\/div>\n\t\t\t\t\t<\/div>\n\t\t\t\t\t\t\t\t\t<div class=\"elementor-grid-item\" role=\"listitem\">\n\t\t\t\t\t\t<div class=\"elementor-share-btn elementor-share-btn_linkedin\" role=\"button\" tabindex=\"0\" aria-label=\"Share on linkedin\">\n\t\t\t\t\t\t\t\t\t\t\t\t\t\t\t<span class=\"elementor-share-btn__icon\">\n\t\t\t\t\t\t\t\t<i class=\"fab fa-linkedin\" aria-hidden=\"true\"><\/i>\t\t\t\t\t\t\t<\/span>\n\t\t\t\t\t\t\t\t\t\t\t\t\t\t\t\t\t\t\t\t\t\t<div class=\"elementor-share-btn__text\">\n\t\t\t\t\t\t\t\t\t\t\t\t\t\t\t\t\t\t\t<span class=\"elementor-share-btn__title\">\n\t\t\t\t\t\t\t\t\t\tLinkedIn\t\t\t\t\t\t\t\t\t<\/span>\n\t\t\t\t\t\t\t\t\t\t\t\t\t\t\t\t\t<\/div>\n\t\t\t\t\t\t\t\t\t\t\t\t\t<\/div>\n\t\t\t\t\t<\/div>\n\t\t\t\t\t\t\t\t\t<div class=\"elementor-grid-item\" role=\"listitem\">\n\t\t\t\t\t\t<div class=\"elementor-share-btn elementor-share-btn_twitter\" role=\"button\" tabindex=\"0\" aria-label=\"Share on twitter\">\n\t\t\t\t\t\t\t\t\t\t\t\t\t\t\t<span class=\"elementor-share-btn__icon\">\n\t\t\t\t\t\t\t\t<i class=\"fab fa-twitter\" aria-hidden=\"true\"><\/i>\t\t\t\t\t\t\t<\/span>\n\t\t\t\t\t\t\t\t\t\t\t\t\t\t\t\t\t\t\t\t\t\t<div class=\"elementor-share-btn__text\">\n\t\t\t\t\t\t\t\t\t\t\t\t\t\t\t\t\t\t\t<span class=\"elementor-share-btn__title\">\n\t\t\t\t\t\t\t\t\t\tTwitter\t\t\t\t\t\t\t\t\t<\/span>\n\t\t\t\t\t\t\t\t\t\t\t\t\t\t\t\t\t<\/div>\n\t\t\t\t\t\t\t\t\t\t\t\t\t<\/div>\n\t\t\t\t\t<\/div>\n\t\t\t\t\t\t<\/div>\n\t\t\t\t\t\t<\/div>\n\t\t\t\t<\/div>\n\t\t\t\t<div class=\"elementor-element elementor-element-54f8c31 elementor-grid-1 elementor-grid-tablet-2 elementor-grid-mobile-1 elementor-posts--thumbnail-header elementor-card-shadow-yes elementor-posts__hover-gradient elementor-widget elementor-widget-posts\" data-id=\"54f8c31\" data-element_type=\"widget\" data-settings=\"{&quot;cards_wex_columns&quot;:&quot;1&quot;,&quot;cards_wex_columns_tablet&quot;:&quot;2&quot;,&quot;cards_wex_columns_mobile&quot;:&quot;1&quot;,&quot;cards_wex_row_gap&quot;:{&quot;unit&quot;:&quot;px&quot;,&quot;size&quot;:35,&quot;sizes&quot;:[]},&quot;cards_wex_row_gap_tablet&quot;:{&quot;unit&quot;:&quot;px&quot;,&quot;size&quot;:&quot;&quot;,&quot;sizes&quot;:[]},&quot;cards_wex_row_gap_mobile&quot;:{&quot;unit&quot;:&quot;px&quot;,&quot;size&quot;:&quot;&quot;,&quot;sizes&quot;:[]}}\" data-widget_type=\"posts.cards_wex\">\n\t\t\t\t<div class=\"elementor-widget-container\">\n\t\t\t\t\t\t\t<div class=\"elementor-posts-container elementor-posts elementor-posts--skin-cards elementor-grid\" role=\"list\">\n\t\t\t\t<article class=\"elementor-post elementor-grid-item post-99055 post type-post status-publish format-standard has-post-thumbnail hentry category-okategoriserad\" role=\"listitem\">\n\t\t\t<div class=\"elementor-post__card\">\n\t\t        <a class=\"elementor-post__thumbnail__link\" href=\"https:\/\/www.settdagarna.se\/sv\/2026\/04\/09\/verktyg-metoder-och-verklighet-praktiska-workshopar-fran-sett-2026\/\">\n            <div class=\"elementor-post__thumbnail\"><img decoding=\"async\" width=\"300\" height=\"180\" src=\"https:\/\/easyfairsassets.com\/sites\/140\/2026\/04\/Blogg_Workshops-300x180.png\" class=\"attachment-medium size-medium wp-image-99068\" alt=\"Tv\u00e5 tjejer som pysslar\" srcset=\"https:\/\/easyfairsassets.com\/sites\/140\/2026\/04\/Blogg_Workshops-300x180.png 300w, https:\/\/easyfairsassets.com\/sites\/140\/2026\/04\/Blogg_Workshops-1024x616.png 1024w, https:\/\/easyfairsassets.com\/sites\/140\/2026\/04\/Blogg_Workshops-768x462.png 768w, https:\/\/easyfairsassets.com\/sites\/140\/2026\/04\/Blogg_Workshops.png 1501w\" sizes=\"(max-width: 300px) 100vw, 300px\" \/><\/div>\n        <\/a>\n         <div data-type=\"post\" data-id=\"99055\" data-nonce=\"d5c02f367b\" class=\"elementor-post__badge btn_feedback easyfairs_like post notsaved left\" tabindex=\"99055\" ><i class=\"fa fa-star-o\" aria-hidden=\"true\"><\/i><\/div>\t\t<div class=\"elementor-post__text\">\n\t\t\t\t<h3 class=\"elementor-post__title\">\n\t\t\t<a href=\"https:\/\/www.settdagarna.se\/sv\/2026\/04\/09\/verktyg-metoder-och-verklighet-praktiska-workshopar-fran-sett-2026\/\" >\n\t\t\t\tVerktyg, metoder och verklighet \u2013 praktiska workshopar p\u00e5 Sett 2026\t\t\t<\/a>\n\t\t<\/h3>\n\t\t        <a href=\"https:\/\/www.settdagarna.se\/sv\/2026\/04\/09\/verktyg-metoder-och-verklighet-praktiska-workshopar-fran-sett-2026\/\" class=\"elementor-post__excerpt\">\n            <p>delta i workshops Verktyg, metoder och verklighet \u2013 praktiska workshopar p\u00e5 Sett Hur oms\u00e4tter vi stora fr\u00e5gor om AI, demokrati och digitalisering i konkret undervisning<\/p>\n        <\/a>\n        \n\t\t<a class=\"elementor-post__read-more\" href=\"https:\/\/www.settdagarna.se\/sv\/2026\/04\/09\/verktyg-metoder-och-verklighet-praktiska-workshopar-fran-sett-2026\/\" aria-label=\"Read more about Verktyg, metoder och verklighet \u2013 praktiska workshopar p\u00e5 Sett 2026\" tabindex=\"-1\" >\n\t\t\tL\u00e4s mer \u00bb\t\t<\/a>\n\n\t\t        <div class=\"elementor-post__meta-data\">\n            \t\t<span class=\"elementor-post-date\">\n\t\t\tapril 9, 2026\t\t<\/span>\n\t\t        <\/div>\n        \t\t<\/div>\n\t\t\t\t\t<\/div>\n\t\t<\/article>\n\t\t\t\t<article class=\"elementor-post elementor-grid-item post-98639 post type-post status-publish format-standard has-post-thumbnail hentry category-okategoriserad\" role=\"listitem\">\n\t\t\t<div class=\"elementor-post__card\">\n\t\t        <a class=\"elementor-post__thumbnail__link\" href=\"https:\/\/www.settdagarna.se\/sv\/2026\/03\/31\/forskolan-grunden-for-larande-sprak-och-demokrati\/\">\n            <div class=\"elementor-post__thumbnail\"><img loading=\"lazy\" decoding=\"async\" width=\"300\" height=\"180\" src=\"https:\/\/easyfairsassets.com\/sites\/140\/2026\/03\/Blogg_Forskolan-1-300x180.png\" class=\"attachment-medium size-medium wp-image-98692\" alt=\"Tre talare\" srcset=\"https:\/\/easyfairsassets.com\/sites\/140\/2026\/03\/Blogg_Forskolan-1-300x180.png 300w, https:\/\/easyfairsassets.com\/sites\/140\/2026\/03\/Blogg_Forskolan-1-1024x616.png 1024w, https:\/\/easyfairsassets.com\/sites\/140\/2026\/03\/Blogg_Forskolan-1-768x462.png 768w, https:\/\/easyfairsassets.com\/sites\/140\/2026\/03\/Blogg_Forskolan-1.png 1501w\" sizes=\"(max-width: 300px) 100vw, 300px\" \/><\/div>\n        <\/a>\n         <div data-type=\"post\" data-id=\"98639\" data-nonce=\"edf993ee88\" class=\"elementor-post__badge btn_feedback easyfairs_like post notsaved left\" tabindex=\"98639\" ><i class=\"fa fa-star-o\" aria-hidden=\"true\"><\/i><\/div>\t\t<div class=\"elementor-post__text\">\n\t\t\t\t<h3 class=\"elementor-post__title\">\n\t\t\t<a href=\"https:\/\/www.settdagarna.se\/sv\/2026\/03\/31\/forskolan-grunden-for-larande-sprak-och-demokrati\/\" >\n\t\t\t\tF\u00f6rskolan &#8211; grunden f\u00f6r l\u00e4rande, spr\u00e5k och demokrati\t\t\t<\/a>\n\t\t<\/h3>\n\t\t        <a href=\"https:\/\/www.settdagarna.se\/sv\/2026\/03\/31\/forskolan-grunden-for-larande-sprak-och-demokrati\/\" class=\"elementor-post__excerpt\">\n            <p>Programpunkter f\u00f6r: F\u00f6rskolan \u2013 grunden f\u00f6r l\u00e4rande, spr\u00e5k och demokrati Barn m\u00f6ter teknik tidigt, samtidigt som f\u00f6rskolans uppdrag utvecklas. Det st\u00e4ller krav p\u00e5 medvetna pedagogiska<\/p>\n        <\/a>\n        \n\t\t<a class=\"elementor-post__read-more\" href=\"https:\/\/www.settdagarna.se\/sv\/2026\/03\/31\/forskolan-grunden-for-larande-sprak-och-demokrati\/\" aria-label=\"Read more about F\u00f6rskolan &#8211; grunden f\u00f6r l\u00e4rande, spr\u00e5k och demokrati\" tabindex=\"-1\" >\n\t\t\tL\u00e4s mer \u00bb\t\t<\/a>\n\n\t\t        <div class=\"elementor-post__meta-data\">\n            \t\t<span class=\"elementor-post-date\">\n\t\t\tmars 31, 2026\t\t<\/span>\n\t\t        <\/div>\n        \t\t<\/div>\n\t\t\t\t\t<\/div>\n\t\t<\/article>\n\t\t\t\t<article class=\"elementor-post elementor-grid-item post-98629 post type-post status-publish format-standard has-post-thumbnail hentry category-okategoriserad\" role=\"listitem\">\n\t\t\t<div class=\"elementor-post__card\">\n\t\t        <a class=\"elementor-post__thumbnail__link\" href=\"https:\/\/www.settdagarna.se\/sv\/2026\/03\/31\/skolans-roll-i-ett-motstandskraftigt-samhalle\/\">\n            <div class=\"elementor-post__thumbnail\"><img loading=\"lazy\" decoding=\"async\" width=\"300\" height=\"180\" src=\"https:\/\/easyfairsassets.com\/sites\/140\/2026\/03\/Blogg_Skolans-roll-i-ett-motstandskraftigt-samhalle-300x180.png\" class=\"attachment-medium size-medium wp-image-98685\" alt=\"Tre talare\" srcset=\"https:\/\/easyfairsassets.com\/sites\/140\/2026\/03\/Blogg_Skolans-roll-i-ett-motstandskraftigt-samhalle-300x180.png 300w, https:\/\/easyfairsassets.com\/sites\/140\/2026\/03\/Blogg_Skolans-roll-i-ett-motstandskraftigt-samhalle-1024x616.png 1024w, https:\/\/easyfairsassets.com\/sites\/140\/2026\/03\/Blogg_Skolans-roll-i-ett-motstandskraftigt-samhalle-768x462.png 768w, https:\/\/easyfairsassets.com\/sites\/140\/2026\/03\/Blogg_Skolans-roll-i-ett-motstandskraftigt-samhalle.png 1501w\" sizes=\"(max-width: 300px) 100vw, 300px\" \/><\/div>\n        <\/a>\n         <div data-type=\"post\" data-id=\"98629\" data-nonce=\"c53311d4e8\" class=\"elementor-post__badge btn_feedback easyfairs_like post notsaved left\" tabindex=\"98629\" ><i class=\"fa fa-star-o\" aria-hidden=\"true\"><\/i><\/div>\t\t<div class=\"elementor-post__text\">\n\t\t\t\t<h3 class=\"elementor-post__title\">\n\t\t\t<a href=\"https:\/\/www.settdagarna.se\/sv\/2026\/03\/31\/skolans-roll-i-ett-motstandskraftigt-samhalle\/\" >\n\t\t\t\tSkolans roll i ett motst\u00e5ndskraftigt samh\u00e4lle\t\t\t<\/a>\n\t\t<\/h3>\n\t\t        <a href=\"https:\/\/www.settdagarna.se\/sv\/2026\/03\/31\/skolans-roll-i-ett-motstandskraftigt-samhalle\/\" class=\"elementor-post__excerpt\">\n            <p>Programpunkter om: Skolans roll i ett motst\u00e5ndskraftigt samh\u00e4lle I en tid av desinformation, polarisering och \u00f6kad os\u00e4kerhet st\u00e4lls nya krav p\u00e5 skolan. Elever beh\u00f6ver inte<\/p>\n        <\/a>\n        \n\t\t<a class=\"elementor-post__read-more\" href=\"https:\/\/www.settdagarna.se\/sv\/2026\/03\/31\/skolans-roll-i-ett-motstandskraftigt-samhalle\/\" aria-label=\"Read more about Skolans roll i ett motst\u00e5ndskraftigt samh\u00e4lle\" tabindex=\"-1\" >\n\t\t\tL\u00e4s mer \u00bb\t\t<\/a>\n\n\t\t        <div class=\"elementor-post__meta-data\">\n            \t\t<span class=\"elementor-post-date\">\n\t\t\tmars 31, 2026\t\t<\/span>\n\t\t        <\/div>\n        \t\t<\/div>\n\t\t\t\t\t<\/div>\n\t\t<\/article>\n\t\t\t\t<article class=\"elementor-post elementor-grid-item post-98616 post type-post status-publish format-standard has-post-thumbnail hentry category-okategoriserad\" role=\"listitem\">\n\t\t\t<div class=\"elementor-post__card\">\n\t\t        <a class=\"elementor-post__thumbnail__link\" href=\"https:\/\/www.settdagarna.se\/sv\/2026\/03\/31\/en-skola-for-alla-att-mota-okade-skillnader-med-kunskap-och-handling\/\">\n            <div class=\"elementor-post__thumbnail\"><img loading=\"lazy\" decoding=\"async\" width=\"300\" height=\"180\" src=\"https:\/\/easyfairsassets.com\/sites\/140\/2026\/03\/Blogg_En-skola-for-alla-300x180.png\" class=\"attachment-medium size-medium wp-image-98665\" alt=\"Tre talare\" srcset=\"https:\/\/easyfairsassets.com\/sites\/140\/2026\/03\/Blogg_En-skola-for-alla-300x180.png 300w, https:\/\/easyfairsassets.com\/sites\/140\/2026\/03\/Blogg_En-skola-for-alla-1024x616.png 1024w, https:\/\/easyfairsassets.com\/sites\/140\/2026\/03\/Blogg_En-skola-for-alla-768x462.png 768w, https:\/\/easyfairsassets.com\/sites\/140\/2026\/03\/Blogg_En-skola-for-alla.png 1501w\" sizes=\"(max-width: 300px) 100vw, 300px\" \/><\/div>\n        <\/a>\n         <div data-type=\"post\" data-id=\"98616\" data-nonce=\"bbca1335a2\" class=\"elementor-post__badge btn_feedback easyfairs_like post notsaved left\" tabindex=\"98616\" ><i class=\"fa fa-star-o\" aria-hidden=\"true\"><\/i><\/div>\t\t<div class=\"elementor-post__text\">\n\t\t\t\t<h3 class=\"elementor-post__title\">\n\t\t\t<a href=\"https:\/\/www.settdagarna.se\/sv\/2026\/03\/31\/en-skola-for-alla-att-mota-okade-skillnader-med-kunskap-och-handling\/\" >\n\t\t\t\tEn skola f\u00f6r alla &#8211; att m\u00f6ta \u00f6kade skillnader med kunskap och handling\t\t\t<\/a>\n\t\t<\/h3>\n\t\t        <a href=\"https:\/\/www.settdagarna.se\/sv\/2026\/03\/31\/en-skola-for-alla-att-mota-okade-skillnader-med-kunskap-och-handling\/\" class=\"elementor-post__excerpt\">\n            <p>Programpunkter om: En skola f\u00f6r alla \u2013 att m\u00f6ta \u00f6kade skillnader med kunskap och handling Skillnader mellan elevgrupper \u00f6kar, och fler elever riskerar att hamna<\/p>\n        <\/a>\n        \n\t\t<a class=\"elementor-post__read-more\" href=\"https:\/\/www.settdagarna.se\/sv\/2026\/03\/31\/en-skola-for-alla-att-mota-okade-skillnader-med-kunskap-och-handling\/\" aria-label=\"Read more about En skola f\u00f6r alla &#8211; att m\u00f6ta \u00f6kade skillnader med kunskap och handling\" tabindex=\"-1\" >\n\t\t\tL\u00e4s mer \u00bb\t\t<\/a>\n\n\t\t        <div class=\"elementor-post__meta-data\">\n            \t\t<span class=\"elementor-post-date\">\n\t\t\tmars 31, 2026\t\t<\/span>\n\t\t        <\/div>\n        \t\t<\/div>\n\t\t\t\t\t<\/div>\n\t\t<\/article>\n\t\t\t\t<article class=\"elementor-post elementor-grid-item post-98600 post type-post status-publish format-standard has-post-thumbnail hentry category-okategoriserad\" role=\"listitem\">\n\t\t\t<div class=\"elementor-post__card\">\n\t\t        <a class=\"elementor-post__thumbnail__link\" href=\"https:\/\/www.settdagarna.se\/sv\/2026\/03\/31\/att-starka-lasning-och-skrivande-i-en-tid-av-ai-och-forandrade-krav\/\">\n            <div class=\"elementor-post__thumbnail\"><img loading=\"lazy\" decoding=\"async\" width=\"300\" height=\"180\" src=\"https:\/\/easyfairsassets.com\/sites\/140\/2026\/03\/Blogg_Att-starka-lasning-och-skrivande-i-en-tid-av-AI-och-forandrade-krav-300x180.png\" class=\"attachment-medium size-medium wp-image-98663\" alt=\"Tre talare\" srcset=\"https:\/\/easyfairsassets.com\/sites\/140\/2026\/03\/Blogg_Att-starka-lasning-och-skrivande-i-en-tid-av-AI-och-forandrade-krav-300x180.png 300w, https:\/\/easyfairsassets.com\/sites\/140\/2026\/03\/Blogg_Att-starka-lasning-och-skrivande-i-en-tid-av-AI-och-forandrade-krav-1024x616.png 1024w, https:\/\/easyfairsassets.com\/sites\/140\/2026\/03\/Blogg_Att-starka-lasning-och-skrivande-i-en-tid-av-AI-och-forandrade-krav-768x462.png 768w, https:\/\/easyfairsassets.com\/sites\/140\/2026\/03\/Blogg_Att-starka-lasning-och-skrivande-i-en-tid-av-AI-och-forandrade-krav.png 1501w\" sizes=\"(max-width: 300px) 100vw, 300px\" \/><\/div>\n        <\/a>\n         <div data-type=\"post\" data-id=\"98600\" data-nonce=\"2fb6eebcc0\" class=\"elementor-post__badge btn_feedback easyfairs_like post notsaved left\" tabindex=\"98600\" ><i class=\"fa fa-star-o\" aria-hidden=\"true\"><\/i><\/div>\t\t<div class=\"elementor-post__text\">\n\t\t\t\t<h3 class=\"elementor-post__title\">\n\t\t\t<a href=\"https:\/\/www.settdagarna.se\/sv\/2026\/03\/31\/att-starka-lasning-och-skrivande-i-en-tid-av-ai-och-forandrade-krav\/\" >\n\t\t\t\tAtt st\u00e4rka l\u00e4sning och skrivande i en tid av AI och f\u00f6r\u00e4ndrade krav\t\t\t<\/a>\n\t\t<\/h3>\n\t\t        <a href=\"https:\/\/www.settdagarna.se\/sv\/2026\/03\/31\/att-starka-lasning-och-skrivande-i-en-tid-av-ai-och-forandrade-krav\/\" class=\"elementor-post__excerpt\">\n            <p>Programpunkter om: Att st\u00e4rka l\u00e4sning och skrivande i en tid av AI och f\u00f6r\u00e4ndrade krav Samtidigt som informationsfl\u00f6det \u00f6kar och AI f\u00f6r\u00e4ndrar hur vi l\u00e4ser<\/p>\n        <\/a>\n        \n\t\t<a class=\"elementor-post__read-more\" href=\"https:\/\/www.settdagarna.se\/sv\/2026\/03\/31\/att-starka-lasning-och-skrivande-i-en-tid-av-ai-och-forandrade-krav\/\" aria-label=\"Read more about Att st\u00e4rka l\u00e4sning och skrivande i en tid av AI och f\u00f6r\u00e4ndrade krav\" tabindex=\"-1\" >\n\t\t\tL\u00e4s mer \u00bb\t\t<\/a>\n\n\t\t        <div class=\"elementor-post__meta-data\">\n            \t\t<span class=\"elementor-post-date\">\n\t\t\tmars 31, 2026\t\t<\/span>\n\t\t        <\/div>\n        \t\t<\/div>\n\t\t\t\t\t<\/div>\n\t\t<\/article>\n\t\t\t\t<article class=\"elementor-post elementor-grid-item post-98590 post type-post status-publish format-standard has-post-thumbnail hentry category-okategoriserad\" role=\"listitem\">\n\t\t\t<div class=\"elementor-post__card\">\n\t\t        <a class=\"elementor-post__thumbnail__link\" href=\"https:\/\/www.settdagarna.se\/sv\/2026\/03\/31\/undervisning-i-en-digital-tid-fran-osakerhet-till-medvetna-arbetssatt\/\">\n            <div class=\"elementor-post__thumbnail\"><img loading=\"lazy\" decoding=\"async\" width=\"300\" height=\"180\" src=\"https:\/\/easyfairsassets.com\/sites\/140\/2026\/03\/Blogg_Undervisning-i-en-digital-tid-1-300x180.png\" class=\"attachment-medium size-medium wp-image-98669\" alt=\"Tre talare\" srcset=\"https:\/\/easyfairsassets.com\/sites\/140\/2026\/03\/Blogg_Undervisning-i-en-digital-tid-1-300x180.png 300w, https:\/\/easyfairsassets.com\/sites\/140\/2026\/03\/Blogg_Undervisning-i-en-digital-tid-1-1024x616.png 1024w, https:\/\/easyfairsassets.com\/sites\/140\/2026\/03\/Blogg_Undervisning-i-en-digital-tid-1-768x462.png 768w, https:\/\/easyfairsassets.com\/sites\/140\/2026\/03\/Blogg_Undervisning-i-en-digital-tid-1.png 1501w\" sizes=\"(max-width: 300px) 100vw, 300px\" \/><\/div>\n        <\/a>\n         <div data-type=\"post\" data-id=\"98590\" data-nonce=\"54d5c3ae60\" class=\"elementor-post__badge btn_feedback easyfairs_like post notsaved left\" tabindex=\"98590\" ><i class=\"fa fa-star-o\" aria-hidden=\"true\"><\/i><\/div>\t\t<div class=\"elementor-post__text\">\n\t\t\t\t<h3 class=\"elementor-post__title\">\n\t\t\t<a href=\"https:\/\/www.settdagarna.se\/sv\/2026\/03\/31\/undervisning-i-en-digital-tid-fran-osakerhet-till-medvetna-arbetssatt\/\" >\n\t\t\t\tUndervisning i en digital tid \u2013 fr\u00e5n os\u00e4kerhet till medvetna arbetss\u00e4tt\t\t\t<\/a>\n\t\t<\/h3>\n\t\t        <a href=\"https:\/\/www.settdagarna.se\/sv\/2026\/03\/31\/undervisning-i-en-digital-tid-fran-osakerhet-till-medvetna-arbetssatt\/\" class=\"elementor-post__excerpt\">\n            <p>Programpunkter om: Undervisning i en digital tid \u2013 fr\u00e5n os\u00e4kerhet till medvetna arbetss\u00e4tt AI och digitala verktyg \u00e4r redan en sj\u00e4lvklar del av elevernas vardag.<\/p>\n        <\/a>\n        \n\t\t<a class=\"elementor-post__read-more\" href=\"https:\/\/www.settdagarna.se\/sv\/2026\/03\/31\/undervisning-i-en-digital-tid-fran-osakerhet-till-medvetna-arbetssatt\/\" aria-label=\"Read more about Undervisning i en digital tid \u2013 fr\u00e5n os\u00e4kerhet till medvetna arbetss\u00e4tt\" tabindex=\"-1\" >\n\t\t\tL\u00e4s mer \u00bb\t\t<\/a>\n\n\t\t        <div class=\"elementor-post__meta-data\">\n            \t\t<span class=\"elementor-post-date\">\n\t\t\tmars 31, 2026\t\t<\/span>\n\t\t        <\/div>\n        \t\t<\/div>\n\t\t\t\t\t<\/div>\n\t\t<\/article>\n\t\t\t\t<\/div>\n\t\t\n\t\t\t\t\t\t<\/div>\n\t\t\t\t<\/div>\n\t\t\t\t\t<\/div>\n\t\t<\/div>\n\t\t\t\t\t<\/div>\n\t\t<\/section>\n\t\t\t\t<\/div>\n\t\t","protected":false},"excerpt":{"rendered":"<p class=\"MsoNormal\">L\u00e4rande ska vara lustfylld och engagerande. \u00c5tminstone ska man som l\u00e4rare str\u00e4va efter att ha ett klassrum d\u00e4r alla kan ha minst en moment som de tycker \u00e4r rolig.<\/p>\n","protected":false},"author":314,"featured_media":13203,"comment_status":"open","ping_status":"open","sticky":false,"template":"elementor_header_footer","format":"standard","meta":{"_seopress_robots_primary_cat":"none","_seopress_titles_title":"Monica Cardozo om gaming som motion i klassrummet","_seopress_titles_desc":"L\u00e4rande ska vara lustfylld och engagerande. \u00c5tminstone ska man som l\u00e4rare str\u00e4va efter att ha ett klassrum d\u00e4r alla kan ha minst en moment som de tycker \u00e4r rolig.","_seopress_robots_index":"","footnotes":""},"categories":[366],"tags":[],"edition":[],"class_list":["post-13186","post","type-post","status-publish","format-standard","has-post-thumbnail","hentry","category-talare"],"_links":{"self":[{"href":"https:\/\/www.settdagarna.se\/sv\/wp-json\/wp\/v2\/posts\/13186","targetHints":{"allow":["GET"]}}],"collection":[{"href":"https:\/\/www.settdagarna.se\/sv\/wp-json\/wp\/v2\/posts"}],"about":[{"href":"https:\/\/www.settdagarna.se\/sv\/wp-json\/wp\/v2\/types\/post"}],"author":[{"embeddable":true,"href":"https:\/\/www.settdagarna.se\/sv\/wp-json\/wp\/v2\/users\/314"}],"replies":[{"embeddable":true,"href":"https:\/\/www.settdagarna.se\/sv\/wp-json\/wp\/v2\/comments?post=13186"}],"version-history":[{"count":5,"href":"https:\/\/www.settdagarna.se\/sv\/wp-json\/wp\/v2\/posts\/13186\/revisions"}],"predecessor-version":[{"id":93901,"href":"https:\/\/www.settdagarna.se\/sv\/wp-json\/wp\/v2\/posts\/13186\/revisions\/93901"}],"wp:featuredmedia":[{"embeddable":true,"href":"https:\/\/www.settdagarna.se\/sv\/wp-json\/wp\/v2\/media\/13203"}],"wp:attachment":[{"href":"https:\/\/www.settdagarna.se\/sv\/wp-json\/wp\/v2\/media?parent=13186"}],"wp:term":[{"taxonomy":"category","embeddable":true,"href":"https:\/\/www.settdagarna.se\/sv\/wp-json\/wp\/v2\/categories?post=13186"},{"taxonomy":"post_tag","embeddable":true,"href":"https:\/\/www.settdagarna.se\/sv\/wp-json\/wp\/v2\/tags?post=13186"},{"taxonomy":"edition","embeddable":true,"href":"https:\/\/www.settdagarna.se\/sv\/wp-json\/wp\/v2\/edition?post=13186"}],"curies":[{"name":"wp","href":"https:\/\/api.w.org\/{rel}","templated":true}]}}