{"id":12920,"date":"2022-02-17T09:28:56","date_gmt":"2022-02-17T08:28:56","guid":{"rendered":"https:\/\/www.settdagarna.se\/?p=12920"},"modified":"2025-08-14T09:00:58","modified_gmt":"2025-08-14T07:00:58","slug":"vad-gor-en-vass-problemlosare","status":"publish","type":"post","link":"https:\/\/www.settdagarna.se\/sv\/2022\/02\/17\/vad-gor-en-vass-problemlosare\/","title":{"rendered":"Vad g\u00f6r en vass probleml\u00f6sare?"},"content":{"rendered":"\t\t<div data-elementor-type=\"wp-post\" data-elementor-id=\"12920\" class=\"elementor elementor-12920\" data-elementor-post-type=\"post\">\n\t\t\t\t\t\t<section class=\"elementor-section elementor-top-section elementor-element elementor-element-9685980 elementor-section-stretched elementor-section-full_width elementor-section-height-default elementor-section-height-default\" data-id=\"9685980\" data-element_type=\"section\" data-settings=\"{&quot;stretch_section&quot;:&quot;section-stretched&quot;,&quot;background_background&quot;:&quot;classic&quot;}\">\n\t\t\t\t\t\t\t<div class=\"elementor-background-overlay\"><\/div>\n\t\t\t\t\t\t\t<div class=\"elementor-container elementor-column-gap-default\">\n\t\t\t\t\t<div class=\"elementor-column elementor-col-100 elementor-top-column elementor-element elementor-element-399f0be\" data-id=\"399f0be\" data-element_type=\"column\">\n\t\t\t<div class=\"elementor-widget-wrap elementor-element-populated\">\n\t\t\t\t\t\t<div class=\"elementor-element elementor-element-546f7ff elementor-widget elementor-widget-spacer\" data-id=\"546f7ff\" data-element_type=\"widget\" data-widget_type=\"spacer.default\">\n\t\t\t\t<div class=\"elementor-widget-container\">\n\t\t\t\t\t\t\t<div class=\"elementor-spacer\">\n\t\t\t<div class=\"elementor-spacer-inner\"><\/div>\n\t\t<\/div>\n\t\t\t\t\t\t<\/div>\n\t\t\t\t<\/div>\n\t\t\t\t\t<\/div>\n\t\t<\/div>\n\t\t\t\t\t<\/div>\n\t\t<\/section>\n\t\t\t\t<section class=\"elementor-section elementor-top-section elementor-element elementor-element-b83493c elementor-section-boxed elementor-section-height-default elementor-section-height-default\" data-id=\"b83493c\" data-element_type=\"section\">\n\t\t\t\t\t\t\t<div class=\"elementor-background-overlay\"><\/div>\n\t\t\t\t\t\t\t<div class=\"elementor-container elementor-column-gap-default\">\n\t\t\t\t\t<div class=\"elementor-column elementor-col-50 elementor-top-column elementor-element elementor-element-8a05d07\" data-id=\"8a05d07\" data-element_type=\"column\" data-settings=\"{&quot;background_background&quot;:&quot;classic&quot;}\">\n\t\t\t<div class=\"elementor-widget-wrap elementor-element-populated\">\n\t\t\t\t\t\t<div class=\"elementor-element elementor-element-696f98b elementor-widget elementor-widget-spacer\" data-id=\"696f98b\" data-element_type=\"widget\" data-widget_type=\"spacer.default\">\n\t\t\t\t<div class=\"elementor-widget-container\">\n\t\t\t\t\t\t\t<div class=\"elementor-spacer\">\n\t\t\t<div class=\"elementor-spacer-inner\"><\/div>\n\t\t<\/div>\n\t\t\t\t\t\t<\/div>\n\t\t\t\t<\/div>\n\t\t\t\t<div class=\"elementor-element elementor-element-d45d326 elementor-widget elementor-widget-heading\" data-id=\"d45d326\" data-element_type=\"widget\" data-widget_type=\"heading.default\">\n\t\t\t\t<div class=\"elementor-widget-container\">\n\t\t\t\t\t<h1 class=\"elementor-heading-title elementor-size-default\">Vad g\u00f6r en vass probleml\u00f6sare?<\/h1>\t\t\t\t<\/div>\n\t\t\t\t<\/div>\n\t\t\t\t<div class=\"elementor-element elementor-element-1b4eded elementor-widget elementor-widget-image\" data-id=\"1b4eded\" data-element_type=\"widget\" data-widget_type=\"image.default\">\n\t\t\t\t<div class=\"elementor-widget-container\">\n\t\t\t\t\t\t\t\t\t\t\t\t\t\t\t<img fetchpriority=\"high\" decoding=\"async\" width=\"800\" height=\"510\" src=\"https:\/\/easyfairsassets.com\/sites\/140\/2022\/02\/Pia-Agardh_bild-1024x653.jpg\" class=\"attachment-large size-large wp-image-12921\" alt=\"Pia Agardh\" srcset=\"https:\/\/easyfairsassets.com\/sites\/140\/2022\/02\/Pia-Agardh_bild-1024x653.jpg 1024w, https:\/\/easyfairsassets.com\/sites\/140\/2022\/02\/Pia-Agardh_bild-300x191.jpg 300w, https:\/\/easyfairsassets.com\/sites\/140\/2022\/02\/Pia-Agardh_bild-768x490.jpg 768w, https:\/\/easyfairsassets.com\/sites\/140\/2022\/02\/Pia-Agardh_bild-1536x979.jpg 1536w, https:\/\/easyfairsassets.com\/sites\/140\/2022\/02\/Pia-Agardh_bild.jpg 1920w\" sizes=\"(max-width: 800px) 100vw, 800px\" \/>\t\t\t\t\t\t\t\t\t\t\t\t\t\t\t<\/div>\n\t\t\t\t<\/div>\n\t\t\t\t<div class=\"elementor-element elementor-element-b639fb1 elementor-widget elementor-widget-text-editor\" data-id=\"b639fb1\" data-element_type=\"widget\" data-widget_type=\"text-editor.default\">\n\t\t\t\t<div class=\"elementor-widget-container\">\n\t\t\t\t\t\t\t\t\t<p>Har du funderat \u00f6ver vilka f\u00f6rm\u00e5gor och kompetenser som en riktigt god probleml\u00f6sare beh\u00f6ver? \u00c4r det f\u00f6rm\u00e5gan att analysera, att se samband och kunna dra slutsatser i nya situationer? \u00c4r det f\u00f6rm\u00e5gan att kunna r\u00e4kna, anv\u00e4nda olika formler och metoder, eller handlar det fr\u00e4mst om att t\u00e4nka nytt och vara kreativ?<\/p><p>S\u00e4kert handlar det om en att ha en bra mix av allt detta. Men det r\u00e4cker inte. En god probleml\u00f6sare beh\u00f6ver ocks\u00e5 kunna samarbeta och kommunicera med andra, och hen beh\u00f6ver inte minst ett dynamiskt mindset d\u00e4r misstag ses som l\u00e4rtillf\u00e4llen och motg\u00e5ngar omvandlas till nya utmaningar som ska finna en l\u00f6sning.\u00a0<\/p><p>Hur kan vi forma en undervisning d\u00e4r allt detta uppmuntras &#8211; en undervisning d\u00e4r eleverna utvecklas till riktiga probleml\u00f6sare?<\/p><p>Vi t\u00e4nker att det fr\u00e4mst handlar om <em>huret<\/em> &#8211; hur vi utformar sj\u00e4lva lektionerna, hur vi strukturerar undervisningen och inte minst, hur vi som l\u00e4rare bem\u00f6ter eleverna. Vi beh\u00f6ver ge eleverna utrymme att utforska och l\u00f6sa problem i samarbete med sina klasskamrater, utan att vi l\u00e4rare l\u00e4gger oss i f\u00f6r mycket. Precis som curlingf\u00f6r\u00e4ldrar som vill hj\u00e4lpa och st\u00f6tta sina barn i all v\u00e4lmening s\u00e5 ser vi ofta en tendens till att l\u00e4raren agerar<em> curlingl\u00e4rare<\/em>. Den curlande l\u00e4raren s\u00f6ker ofta hj\u00e4lpa genom att f\u00f6rklara och visa, i st\u00e4llet f\u00f6r att st\u00e4lla fr\u00e5gor och uppmuntra eleverna till eget t\u00e4nkande. Genom v\u00e5rt f\u00f6rh\u00e5llningss\u00e4tt kan vi visa nyfikenhet och intresse f\u00f6r elevernas tankar och l\u00f6sningar utan att v\u00e4rdera dem. Vi kan vara medforskande, st\u00e4lla fr\u00e5gor f\u00f6r att hj\u00e4lpa eleverna att utveckla sitt t\u00e4nkande, och uppmuntra dem att hitta fler strategier f\u00f6r att l\u00f6sa problem.<\/p><p>L\u00e4rarens f\u00f6rh\u00e5llningss\u00e4tt tillsammans med hur vi strukturerar lektionerna \u00e4r tv\u00e5 b\u00e4rande fundament i den undervisningsmodell som kallas f\u00f6r Singaporemodellen. Varje lektion inleds med att eleverna utforskar ett startproblem. Eleverna k\u00e4nner inte till m\u00e5let med lektionen (\u00e4nnu) utan de f\u00e5r samarbeta och anv\u00e4nda konkret material f\u00f6r att l\u00f6sa ett problem som leder in p\u00e5 det som \u00e4r lektionens m\u00e5l. Eleverna f\u00e5r m\u00f6jlighet att g\u00f6ra egna uppt\u00e4ckter och komma p\u00e5 flera metoder att l\u00f6sa uppgiften, och de f\u00e5r m\u00f6jlighet att l\u00e4ra av varandra. N\u00e4r vi l\u00e4rare sedan tar tillbaka ordet och resonerar om startuppgiften i hela klassen s\u00e5 kan samtalet h\u00e5llas p\u00e5 en helt annan niv\u00e5. Det \u00e4r eleverna som kommer med l\u00f6sningarna, inte l\u00e4raren. Lektionen forts\u00e4tter sedan enligt en genomt\u00e4nkt struktur d\u00e4r eleverna f\u00f6rst l\u00f6ser fler uppgifter i par och avslutar med att f\u00e4rdighetstr\u00e4na p\u00e5 egen hand.<\/p><p>Vi ser s\u00e5 m\u00e5nga positiva effekter med det h\u00e4r s\u00e4ttet att undervisa. N\u00e4r lektionen inleds med att eleverna utforskar och l\u00f6ser problem tillsammans (ist\u00e4llet f\u00f6r att lyssna till sin l\u00e4rares genomg\u00e5ng) s\u00e5 fr\u00e4mjas ett till\u00e5tande och kreativt klimat i klassrummet d\u00e4r alla id\u00e9er \u00e4r v\u00e4lkomna. Det fr\u00e4mjar samarbete, kommunikation och resonemang. Och kanske allra viktigast, det st\u00e4rker elevernas sj\u00e4lvf\u00f6rtroende och tilltro till sin egen f\u00f6rm\u00e5ga. Kort sagt, det hj\u00e4lper dem att bli probleml\u00f6sare.<\/p><p>Om du vill veta mer om <em>huret<\/em> s\u00e5 kom till v\u00e5r f\u00f6rel\u00e4sning <em>Singaporemodellen \u2013 s\u00e5 h\u00e4r g\u00e5r det till! <\/em><\/p>\t\t\t\t\t\t\t\t<\/div>\n\t\t\t\t<\/div>\n\t\t\t\t<div class=\"elementor-element elementor-element-a70e328 elementor-blockquote--skin-border elementor-widget elementor-widget-blockquote\" data-id=\"a70e328\" data-element_type=\"widget\" data-widget_type=\"blockquote.default\">\n\t\t\t\t<div class=\"elementor-widget-container\">\n\t\t\t\t\t\t\t<blockquote class=\"elementor-blockquote\">\n\t\t\t<p class=\"elementor-blockquote__content\">\n\t\t\t\tF\u00f6rfattare: Pia Agardh &amp; Josefine Rejler. Fortbildare i Singaporemodellen och f\u00f6rfattare till l\u00e4romedlet Singma matematik. \n\t\t\t<\/p>\n\t\t\t\t\t<\/blockquote>\n\t\t\t\t\t\t<\/div>\n\t\t\t\t<\/div>\n\t\t\t\t<div class=\"elementor-element elementor-element-be95de5 elementor-widget elementor-widget-image\" data-id=\"be95de5\" data-element_type=\"widget\" data-widget_type=\"image.default\">\n\t\t\t\t<div class=\"elementor-widget-container\">\n\t\t\t\t\t\t\t\t\t\t\t\t\t\t\t<img decoding=\"async\" width=\"600\" height=\"200\" src=\"https:\/\/easyfairsassets.com\/sites\/140\/2022\/02\/600x200px-Pia_Josefine.png\" class=\"attachment-medium_large size-medium_large wp-image-12925\" alt=\"Pia_Josefine\" srcset=\"https:\/\/easyfairsassets.com\/sites\/140\/2022\/02\/600x200px-Pia_Josefine.png 600w, https:\/\/easyfairsassets.com\/sites\/140\/2022\/02\/600x200px-Pia_Josefine-300x100.png 300w\" sizes=\"(max-width: 600px) 100vw, 600px\" \/>\t\t\t\t\t\t\t\t\t\t\t\t\t\t\t<\/div>\n\t\t\t\t<\/div>\n\t\t\t\t<div class=\"elementor-element elementor-element-e2786c0 elementor-align-left elementor-widget elementor-widget-button\" data-id=\"e2786c0\" data-element_type=\"widget\" data-widget_type=\"button.default\">\n\t\t\t\t<div class=\"elementor-widget-container\">\n\t\t\t\t\t\t\t\t\t<div class=\"elementor-button-wrapper\">\n\t\t\t\t\t<a class=\"elementor-button elementor-button-link elementor-size-sm elementor-animation-grow\" href=\"https:\/\/www.settdagarna.se\/sv\/artiklar\/\">\n\t\t\t\t\t\t<span class=\"elementor-button-content-wrapper\">\n\t\t\t\t\t\t<span class=\"elementor-button-icon\">\n\t\t\t\t<i aria-hidden=\"true\" class=\"fas fa-arrow-left\"><\/i>\t\t\t<\/span>\n\t\t\t\t\t\t\t\t\t<span class=\"elementor-button-text\">Tillbaka till nyheter<\/span>\n\t\t\t\t\t<\/span>\n\t\t\t\t\t<\/a>\n\t\t\t\t<\/div>\n\t\t\t\t\t\t\t\t<\/div>\n\t\t\t\t<\/div>\n\t\t\t\t\t<\/div>\n\t\t<\/div>\n\t\t\t\t<div class=\"elementor-column elementor-col-50 elementor-top-column elementor-element elementor-element-d43d2b9\" data-id=\"d43d2b9\" data-element_type=\"column\" data-settings=\"{&quot;background_background&quot;:&quot;classic&quot;}\">\n\t\t\t<div class=\"elementor-widget-wrap elementor-element-populated\">\n\t\t\t\t\t\t<div class=\"elementor-element elementor-element-c0e607e elementor-widget elementor-widget-heading\" data-id=\"c0e607e\" data-element_type=\"widget\" data-widget_type=\"heading.default\">\n\t\t\t\t<div class=\"elementor-widget-container\">\n\t\t\t\t\t<h3 class=\"elementor-heading-title elementor-size-default\">Dela inl\u00e4gget<\/h3>\t\t\t\t<\/div>\n\t\t\t\t<\/div>\n\t\t\t\t<div class=\"elementor-element elementor-element-e53fb31 elementor-share-buttons--view-icon-text elementor-share-buttons--skin-gradient elementor-share-buttons--shape-square elementor-grid-0 elementor-share-buttons--color-official elementor-widget elementor-widget-share-buttons\" data-id=\"e53fb31\" data-element_type=\"widget\" data-widget_type=\"share-buttons.default\">\n\t\t\t\t<div class=\"elementor-widget-container\">\n\t\t\t\t\t\t\t<div class=\"elementor-grid\" role=\"list\">\n\t\t\t\t\t\t\t\t<div class=\"elementor-grid-item\" role=\"listitem\">\n\t\t\t\t\t\t<div class=\"elementor-share-btn elementor-share-btn_facebook\" role=\"button\" tabindex=\"0\" aria-label=\"Share on facebook\">\n\t\t\t\t\t\t\t\t\t\t\t\t\t\t\t<span class=\"elementor-share-btn__icon\">\n\t\t\t\t\t\t\t\t<i class=\"fab fa-facebook\" aria-hidden=\"true\"><\/i>\t\t\t\t\t\t\t<\/span>\n\t\t\t\t\t\t\t\t\t\t\t\t\t\t\t\t\t\t\t\t\t\t<div class=\"elementor-share-btn__text\">\n\t\t\t\t\t\t\t\t\t\t\t\t\t\t\t\t\t\t\t<span class=\"elementor-share-btn__title\">\n\t\t\t\t\t\t\t\t\t\tFacebook\t\t\t\t\t\t\t\t\t<\/span>\n\t\t\t\t\t\t\t\t\t\t\t\t\t\t\t\t\t<\/div>\n\t\t\t\t\t\t\t\t\t\t\t\t\t<\/div>\n\t\t\t\t\t<\/div>\n\t\t\t\t\t\t\t\t\t<div class=\"elementor-grid-item\" role=\"listitem\">\n\t\t\t\t\t\t<div class=\"elementor-share-btn elementor-share-btn_linkedin\" role=\"button\" tabindex=\"0\" aria-label=\"Share on linkedin\">\n\t\t\t\t\t\t\t\t\t\t\t\t\t\t\t<span class=\"elementor-share-btn__icon\">\n\t\t\t\t\t\t\t\t<i class=\"fab fa-linkedin\" aria-hidden=\"true\"><\/i>\t\t\t\t\t\t\t<\/span>\n\t\t\t\t\t\t\t\t\t\t\t\t\t\t\t\t\t\t\t\t\t\t<div class=\"elementor-share-btn__text\">\n\t\t\t\t\t\t\t\t\t\t\t\t\t\t\t\t\t\t\t<span class=\"elementor-share-btn__title\">\n\t\t\t\t\t\t\t\t\t\tLinkedIn\t\t\t\t\t\t\t\t\t<\/span>\n\t\t\t\t\t\t\t\t\t\t\t\t\t\t\t\t\t<\/div>\n\t\t\t\t\t\t\t\t\t\t\t\t\t<\/div>\n\t\t\t\t\t<\/div>\n\t\t\t\t\t\t\t\t\t<div class=\"elementor-grid-item\" role=\"listitem\">\n\t\t\t\t\t\t<div class=\"elementor-share-btn elementor-share-btn_twitter\" role=\"button\" tabindex=\"0\" aria-label=\"Share on twitter\">\n\t\t\t\t\t\t\t\t\t\t\t\t\t\t\t<span class=\"elementor-share-btn__icon\">\n\t\t\t\t\t\t\t\t<i class=\"fab fa-twitter\" aria-hidden=\"true\"><\/i>\t\t\t\t\t\t\t<\/span>\n\t\t\t\t\t\t\t\t\t\t\t\t\t\t\t\t\t\t\t\t\t\t<div class=\"elementor-share-btn__text\">\n\t\t\t\t\t\t\t\t\t\t\t\t\t\t\t\t\t\t\t<span class=\"elementor-share-btn__title\">\n\t\t\t\t\t\t\t\t\t\tTwitter\t\t\t\t\t\t\t\t\t<\/span>\n\t\t\t\t\t\t\t\t\t\t\t\t\t\t\t\t\t<\/div>\n\t\t\t\t\t\t\t\t\t\t\t\t\t<\/div>\n\t\t\t\t\t<\/div>\n\t\t\t\t\t\t<\/div>\n\t\t\t\t\t\t<\/div>\n\t\t\t\t<\/div>\n\t\t\t\t<div class=\"elementor-element elementor-element-54f8c31 elementor-grid-1 elementor-grid-tablet-2 elementor-grid-mobile-1 elementor-posts--thumbnail-header elementor-card-shadow-yes elementor-posts__hover-gradient elementor-widget elementor-widget-posts\" data-id=\"54f8c31\" data-element_type=\"widget\" data-settings=\"{&quot;cards_wex_columns&quot;:&quot;1&quot;,&quot;cards_wex_columns_tablet&quot;:&quot;2&quot;,&quot;cards_wex_columns_mobile&quot;:&quot;1&quot;,&quot;cards_wex_row_gap&quot;:{&quot;unit&quot;:&quot;px&quot;,&quot;size&quot;:35,&quot;sizes&quot;:[]},&quot;cards_wex_row_gap_tablet&quot;:{&quot;unit&quot;:&quot;px&quot;,&quot;size&quot;:&quot;&quot;,&quot;sizes&quot;:[]},&quot;cards_wex_row_gap_mobile&quot;:{&quot;unit&quot;:&quot;px&quot;,&quot;size&quot;:&quot;&quot;,&quot;sizes&quot;:[]}}\" data-widget_type=\"posts.cards_wex\">\n\t\t\t\t<div class=\"elementor-widget-container\">\n\t\t\t\t\t\t\t<div class=\"elementor-posts-container elementor-posts elementor-posts--skin-cards elementor-grid\" role=\"list\">\n\t\t\t\t<article class=\"elementor-post elementor-grid-item post-99055 post type-post status-publish format-standard has-post-thumbnail hentry category-okategoriserad\" role=\"listitem\">\n\t\t\t<div class=\"elementor-post__card\">\n\t\t        <a class=\"elementor-post__thumbnail__link\" href=\"https:\/\/www.settdagarna.se\/sv\/2026\/04\/09\/verktyg-metoder-och-verklighet-praktiska-workshopar-fran-sett-2026\/\">\n            <div class=\"elementor-post__thumbnail\"><img decoding=\"async\" width=\"300\" height=\"180\" src=\"https:\/\/easyfairsassets.com\/sites\/140\/2026\/04\/Blogg_Workshops-300x180.png\" class=\"attachment-medium size-medium wp-image-99068\" alt=\"Tv\u00e5 tjejer som pysslar\" srcset=\"https:\/\/easyfairsassets.com\/sites\/140\/2026\/04\/Blogg_Workshops-300x180.png 300w, https:\/\/easyfairsassets.com\/sites\/140\/2026\/04\/Blogg_Workshops-1024x616.png 1024w, https:\/\/easyfairsassets.com\/sites\/140\/2026\/04\/Blogg_Workshops-768x462.png 768w, https:\/\/easyfairsassets.com\/sites\/140\/2026\/04\/Blogg_Workshops.png 1501w\" sizes=\"(max-width: 300px) 100vw, 300px\" \/><\/div>\n        <\/a>\n         <div data-type=\"post\" data-id=\"99055\" data-nonce=\"d5c02f367b\" class=\"elementor-post__badge btn_feedback easyfairs_like post notsaved left\" tabindex=\"99055\" ><i class=\"fa fa-star-o\" aria-hidden=\"true\"><\/i><\/div>\t\t<div class=\"elementor-post__text\">\n\t\t\t\t<h3 class=\"elementor-post__title\">\n\t\t\t<a href=\"https:\/\/www.settdagarna.se\/sv\/2026\/04\/09\/verktyg-metoder-och-verklighet-praktiska-workshopar-fran-sett-2026\/\" >\n\t\t\t\tVerktyg, metoder och verklighet \u2013 praktiska workshopar p\u00e5 Sett 2026\t\t\t<\/a>\n\t\t<\/h3>\n\t\t        <a href=\"https:\/\/www.settdagarna.se\/sv\/2026\/04\/09\/verktyg-metoder-och-verklighet-praktiska-workshopar-fran-sett-2026\/\" class=\"elementor-post__excerpt\">\n            <p>delta i workshops Verktyg, metoder och verklighet \u2013 praktiska workshopar p\u00e5 Sett Hur oms\u00e4tter vi stora fr\u00e5gor om AI, demokrati och digitalisering i konkret undervisning<\/p>\n        <\/a>\n        \n\t\t<a class=\"elementor-post__read-more\" href=\"https:\/\/www.settdagarna.se\/sv\/2026\/04\/09\/verktyg-metoder-och-verklighet-praktiska-workshopar-fran-sett-2026\/\" aria-label=\"Read more about Verktyg, metoder och verklighet \u2013 praktiska workshopar p\u00e5 Sett 2026\" tabindex=\"-1\" >\n\t\t\tL\u00e4s mer \u00bb\t\t<\/a>\n\n\t\t        <div class=\"elementor-post__meta-data\">\n            \t\t<span class=\"elementor-post-date\">\n\t\t\tapril 9, 2026\t\t<\/span>\n\t\t        <\/div>\n        \t\t<\/div>\n\t\t\t\t\t<\/div>\n\t\t<\/article>\n\t\t\t\t<article class=\"elementor-post elementor-grid-item post-98639 post type-post status-publish format-standard has-post-thumbnail hentry category-okategoriserad\" role=\"listitem\">\n\t\t\t<div class=\"elementor-post__card\">\n\t\t        <a class=\"elementor-post__thumbnail__link\" href=\"https:\/\/www.settdagarna.se\/sv\/2026\/03\/31\/forskolan-grunden-for-larande-sprak-och-demokrati\/\">\n            <div class=\"elementor-post__thumbnail\"><img loading=\"lazy\" decoding=\"async\" width=\"300\" height=\"180\" src=\"https:\/\/easyfairsassets.com\/sites\/140\/2026\/03\/Blogg_Forskolan-1-300x180.png\" class=\"attachment-medium size-medium wp-image-98692\" alt=\"Tre talare\" srcset=\"https:\/\/easyfairsassets.com\/sites\/140\/2026\/03\/Blogg_Forskolan-1-300x180.png 300w, https:\/\/easyfairsassets.com\/sites\/140\/2026\/03\/Blogg_Forskolan-1-1024x616.png 1024w, https:\/\/easyfairsassets.com\/sites\/140\/2026\/03\/Blogg_Forskolan-1-768x462.png 768w, https:\/\/easyfairsassets.com\/sites\/140\/2026\/03\/Blogg_Forskolan-1.png 1501w\" sizes=\"(max-width: 300px) 100vw, 300px\" \/><\/div>\n        <\/a>\n         <div data-type=\"post\" data-id=\"98639\" data-nonce=\"edf993ee88\" class=\"elementor-post__badge btn_feedback easyfairs_like post notsaved left\" tabindex=\"98639\" ><i class=\"fa fa-star-o\" aria-hidden=\"true\"><\/i><\/div>\t\t<div class=\"elementor-post__text\">\n\t\t\t\t<h3 class=\"elementor-post__title\">\n\t\t\t<a href=\"https:\/\/www.settdagarna.se\/sv\/2026\/03\/31\/forskolan-grunden-for-larande-sprak-och-demokrati\/\" >\n\t\t\t\tF\u00f6rskolan &#8211; grunden f\u00f6r l\u00e4rande, spr\u00e5k och demokrati\t\t\t<\/a>\n\t\t<\/h3>\n\t\t        <a href=\"https:\/\/www.settdagarna.se\/sv\/2026\/03\/31\/forskolan-grunden-for-larande-sprak-och-demokrati\/\" class=\"elementor-post__excerpt\">\n            <p>Programpunkter f\u00f6r: F\u00f6rskolan \u2013 grunden f\u00f6r l\u00e4rande, spr\u00e5k och demokrati Barn m\u00f6ter teknik tidigt, samtidigt som f\u00f6rskolans uppdrag utvecklas. Det st\u00e4ller krav p\u00e5 medvetna pedagogiska<\/p>\n        <\/a>\n        \n\t\t<a class=\"elementor-post__read-more\" href=\"https:\/\/www.settdagarna.se\/sv\/2026\/03\/31\/forskolan-grunden-for-larande-sprak-och-demokrati\/\" aria-label=\"Read more about F\u00f6rskolan &#8211; grunden f\u00f6r l\u00e4rande, spr\u00e5k och demokrati\" tabindex=\"-1\" >\n\t\t\tL\u00e4s mer \u00bb\t\t<\/a>\n\n\t\t        <div class=\"elementor-post__meta-data\">\n            \t\t<span class=\"elementor-post-date\">\n\t\t\tmars 31, 2026\t\t<\/span>\n\t\t        <\/div>\n        \t\t<\/div>\n\t\t\t\t\t<\/div>\n\t\t<\/article>\n\t\t\t\t<article class=\"elementor-post elementor-grid-item post-98629 post type-post status-publish format-standard has-post-thumbnail hentry category-okategoriserad\" role=\"listitem\">\n\t\t\t<div class=\"elementor-post__card\">\n\t\t        <a class=\"elementor-post__thumbnail__link\" href=\"https:\/\/www.settdagarna.se\/sv\/2026\/03\/31\/skolans-roll-i-ett-motstandskraftigt-samhalle\/\">\n            <div class=\"elementor-post__thumbnail\"><img loading=\"lazy\" decoding=\"async\" width=\"300\" height=\"180\" src=\"https:\/\/easyfairsassets.com\/sites\/140\/2026\/03\/Blogg_Skolans-roll-i-ett-motstandskraftigt-samhalle-300x180.png\" class=\"attachment-medium size-medium wp-image-98685\" alt=\"Tre talare\" srcset=\"https:\/\/easyfairsassets.com\/sites\/140\/2026\/03\/Blogg_Skolans-roll-i-ett-motstandskraftigt-samhalle-300x180.png 300w, https:\/\/easyfairsassets.com\/sites\/140\/2026\/03\/Blogg_Skolans-roll-i-ett-motstandskraftigt-samhalle-1024x616.png 1024w, https:\/\/easyfairsassets.com\/sites\/140\/2026\/03\/Blogg_Skolans-roll-i-ett-motstandskraftigt-samhalle-768x462.png 768w, https:\/\/easyfairsassets.com\/sites\/140\/2026\/03\/Blogg_Skolans-roll-i-ett-motstandskraftigt-samhalle.png 1501w\" sizes=\"(max-width: 300px) 100vw, 300px\" \/><\/div>\n        <\/a>\n         <div data-type=\"post\" data-id=\"98629\" data-nonce=\"c53311d4e8\" class=\"elementor-post__badge btn_feedback easyfairs_like post notsaved left\" tabindex=\"98629\" ><i class=\"fa fa-star-o\" aria-hidden=\"true\"><\/i><\/div>\t\t<div class=\"elementor-post__text\">\n\t\t\t\t<h3 class=\"elementor-post__title\">\n\t\t\t<a href=\"https:\/\/www.settdagarna.se\/sv\/2026\/03\/31\/skolans-roll-i-ett-motstandskraftigt-samhalle\/\" >\n\t\t\t\tSkolans roll i ett motst\u00e5ndskraftigt samh\u00e4lle\t\t\t<\/a>\n\t\t<\/h3>\n\t\t        <a href=\"https:\/\/www.settdagarna.se\/sv\/2026\/03\/31\/skolans-roll-i-ett-motstandskraftigt-samhalle\/\" class=\"elementor-post__excerpt\">\n            <p>Programpunkter om: Skolans roll i ett motst\u00e5ndskraftigt samh\u00e4lle I en tid av desinformation, polarisering och \u00f6kad os\u00e4kerhet st\u00e4lls nya krav p\u00e5 skolan. Elever beh\u00f6ver inte<\/p>\n        <\/a>\n        \n\t\t<a class=\"elementor-post__read-more\" href=\"https:\/\/www.settdagarna.se\/sv\/2026\/03\/31\/skolans-roll-i-ett-motstandskraftigt-samhalle\/\" aria-label=\"Read more about Skolans roll i ett motst\u00e5ndskraftigt samh\u00e4lle\" tabindex=\"-1\" >\n\t\t\tL\u00e4s mer \u00bb\t\t<\/a>\n\n\t\t        <div class=\"elementor-post__meta-data\">\n            \t\t<span class=\"elementor-post-date\">\n\t\t\tmars 31, 2026\t\t<\/span>\n\t\t        <\/div>\n        \t\t<\/div>\n\t\t\t\t\t<\/div>\n\t\t<\/article>\n\t\t\t\t<article class=\"elementor-post elementor-grid-item post-98616 post type-post status-publish format-standard has-post-thumbnail hentry category-okategoriserad\" role=\"listitem\">\n\t\t\t<div class=\"elementor-post__card\">\n\t\t        <a class=\"elementor-post__thumbnail__link\" href=\"https:\/\/www.settdagarna.se\/sv\/2026\/03\/31\/en-skola-for-alla-att-mota-okade-skillnader-med-kunskap-och-handling\/\">\n            <div class=\"elementor-post__thumbnail\"><img loading=\"lazy\" decoding=\"async\" width=\"300\" height=\"180\" src=\"https:\/\/easyfairsassets.com\/sites\/140\/2026\/03\/Blogg_En-skola-for-alla-300x180.png\" class=\"attachment-medium size-medium wp-image-98665\" alt=\"Tre talare\" srcset=\"https:\/\/easyfairsassets.com\/sites\/140\/2026\/03\/Blogg_En-skola-for-alla-300x180.png 300w, https:\/\/easyfairsassets.com\/sites\/140\/2026\/03\/Blogg_En-skola-for-alla-1024x616.png 1024w, https:\/\/easyfairsassets.com\/sites\/140\/2026\/03\/Blogg_En-skola-for-alla-768x462.png 768w, https:\/\/easyfairsassets.com\/sites\/140\/2026\/03\/Blogg_En-skola-for-alla.png 1501w\" sizes=\"(max-width: 300px) 100vw, 300px\" \/><\/div>\n        <\/a>\n         <div data-type=\"post\" data-id=\"98616\" data-nonce=\"bbca1335a2\" class=\"elementor-post__badge btn_feedback easyfairs_like post notsaved left\" tabindex=\"98616\" ><i class=\"fa fa-star-o\" aria-hidden=\"true\"><\/i><\/div>\t\t<div class=\"elementor-post__text\">\n\t\t\t\t<h3 class=\"elementor-post__title\">\n\t\t\t<a href=\"https:\/\/www.settdagarna.se\/sv\/2026\/03\/31\/en-skola-for-alla-att-mota-okade-skillnader-med-kunskap-och-handling\/\" >\n\t\t\t\tEn skola f\u00f6r alla &#8211; att m\u00f6ta \u00f6kade skillnader med kunskap och handling\t\t\t<\/a>\n\t\t<\/h3>\n\t\t        <a href=\"https:\/\/www.settdagarna.se\/sv\/2026\/03\/31\/en-skola-for-alla-att-mota-okade-skillnader-med-kunskap-och-handling\/\" class=\"elementor-post__excerpt\">\n            <p>Programpunkter om: En skola f\u00f6r alla \u2013 att m\u00f6ta \u00f6kade skillnader med kunskap och handling Skillnader mellan elevgrupper \u00f6kar, och fler elever riskerar att hamna<\/p>\n        <\/a>\n        \n\t\t<a class=\"elementor-post__read-more\" href=\"https:\/\/www.settdagarna.se\/sv\/2026\/03\/31\/en-skola-for-alla-att-mota-okade-skillnader-med-kunskap-och-handling\/\" aria-label=\"Read more about En skola f\u00f6r alla &#8211; att m\u00f6ta \u00f6kade skillnader med kunskap och handling\" tabindex=\"-1\" >\n\t\t\tL\u00e4s mer \u00bb\t\t<\/a>\n\n\t\t        <div class=\"elementor-post__meta-data\">\n            \t\t<span class=\"elementor-post-date\">\n\t\t\tmars 31, 2026\t\t<\/span>\n\t\t        <\/div>\n        \t\t<\/div>\n\t\t\t\t\t<\/div>\n\t\t<\/article>\n\t\t\t\t<article class=\"elementor-post elementor-grid-item post-98600 post type-post status-publish format-standard has-post-thumbnail hentry category-okategoriserad\" role=\"listitem\">\n\t\t\t<div class=\"elementor-post__card\">\n\t\t        <a class=\"elementor-post__thumbnail__link\" href=\"https:\/\/www.settdagarna.se\/sv\/2026\/03\/31\/att-starka-lasning-och-skrivande-i-en-tid-av-ai-och-forandrade-krav\/\">\n            <div class=\"elementor-post__thumbnail\"><img loading=\"lazy\" decoding=\"async\" width=\"300\" height=\"180\" src=\"https:\/\/easyfairsassets.com\/sites\/140\/2026\/03\/Blogg_Att-starka-lasning-och-skrivande-i-en-tid-av-AI-och-forandrade-krav-300x180.png\" class=\"attachment-medium size-medium wp-image-98663\" alt=\"Tre talare\" srcset=\"https:\/\/easyfairsassets.com\/sites\/140\/2026\/03\/Blogg_Att-starka-lasning-och-skrivande-i-en-tid-av-AI-och-forandrade-krav-300x180.png 300w, https:\/\/easyfairsassets.com\/sites\/140\/2026\/03\/Blogg_Att-starka-lasning-och-skrivande-i-en-tid-av-AI-och-forandrade-krav-1024x616.png 1024w, https:\/\/easyfairsassets.com\/sites\/140\/2026\/03\/Blogg_Att-starka-lasning-och-skrivande-i-en-tid-av-AI-och-forandrade-krav-768x462.png 768w, https:\/\/easyfairsassets.com\/sites\/140\/2026\/03\/Blogg_Att-starka-lasning-och-skrivande-i-en-tid-av-AI-och-forandrade-krav.png 1501w\" sizes=\"(max-width: 300px) 100vw, 300px\" \/><\/div>\n        <\/a>\n         <div data-type=\"post\" data-id=\"98600\" data-nonce=\"2fb6eebcc0\" class=\"elementor-post__badge btn_feedback easyfairs_like post notsaved left\" tabindex=\"98600\" ><i class=\"fa fa-star-o\" aria-hidden=\"true\"><\/i><\/div>\t\t<div class=\"elementor-post__text\">\n\t\t\t\t<h3 class=\"elementor-post__title\">\n\t\t\t<a href=\"https:\/\/www.settdagarna.se\/sv\/2026\/03\/31\/att-starka-lasning-och-skrivande-i-en-tid-av-ai-och-forandrade-krav\/\" >\n\t\t\t\tAtt st\u00e4rka l\u00e4sning och skrivande i en tid av AI och f\u00f6r\u00e4ndrade krav\t\t\t<\/a>\n\t\t<\/h3>\n\t\t        <a href=\"https:\/\/www.settdagarna.se\/sv\/2026\/03\/31\/att-starka-lasning-och-skrivande-i-en-tid-av-ai-och-forandrade-krav\/\" class=\"elementor-post__excerpt\">\n            <p>Programpunkter om: Att st\u00e4rka l\u00e4sning och skrivande i en tid av AI och f\u00f6r\u00e4ndrade krav Samtidigt som informationsfl\u00f6det \u00f6kar och AI f\u00f6r\u00e4ndrar hur vi l\u00e4ser<\/p>\n        <\/a>\n        \n\t\t<a class=\"elementor-post__read-more\" href=\"https:\/\/www.settdagarna.se\/sv\/2026\/03\/31\/att-starka-lasning-och-skrivande-i-en-tid-av-ai-och-forandrade-krav\/\" aria-label=\"Read more about Att st\u00e4rka l\u00e4sning och skrivande i en tid av AI och f\u00f6r\u00e4ndrade krav\" tabindex=\"-1\" >\n\t\t\tL\u00e4s mer \u00bb\t\t<\/a>\n\n\t\t        <div class=\"elementor-post__meta-data\">\n            \t\t<span class=\"elementor-post-date\">\n\t\t\tmars 31, 2026\t\t<\/span>\n\t\t        <\/div>\n        \t\t<\/div>\n\t\t\t\t\t<\/div>\n\t\t<\/article>\n\t\t\t\t<article class=\"elementor-post elementor-grid-item post-98590 post type-post status-publish format-standard has-post-thumbnail hentry category-okategoriserad\" role=\"listitem\">\n\t\t\t<div class=\"elementor-post__card\">\n\t\t        <a class=\"elementor-post__thumbnail__link\" href=\"https:\/\/www.settdagarna.se\/sv\/2026\/03\/31\/undervisning-i-en-digital-tid-fran-osakerhet-till-medvetna-arbetssatt\/\">\n            <div class=\"elementor-post__thumbnail\"><img loading=\"lazy\" decoding=\"async\" width=\"300\" height=\"180\" src=\"https:\/\/easyfairsassets.com\/sites\/140\/2026\/03\/Blogg_Undervisning-i-en-digital-tid-1-300x180.png\" class=\"attachment-medium size-medium wp-image-98669\" alt=\"Tre talare\" srcset=\"https:\/\/easyfairsassets.com\/sites\/140\/2026\/03\/Blogg_Undervisning-i-en-digital-tid-1-300x180.png 300w, https:\/\/easyfairsassets.com\/sites\/140\/2026\/03\/Blogg_Undervisning-i-en-digital-tid-1-1024x616.png 1024w, https:\/\/easyfairsassets.com\/sites\/140\/2026\/03\/Blogg_Undervisning-i-en-digital-tid-1-768x462.png 768w, https:\/\/easyfairsassets.com\/sites\/140\/2026\/03\/Blogg_Undervisning-i-en-digital-tid-1.png 1501w\" sizes=\"(max-width: 300px) 100vw, 300px\" \/><\/div>\n        <\/a>\n         <div data-type=\"post\" data-id=\"98590\" data-nonce=\"54d5c3ae60\" class=\"elementor-post__badge btn_feedback easyfairs_like post notsaved left\" tabindex=\"98590\" ><i class=\"fa fa-star-o\" aria-hidden=\"true\"><\/i><\/div>\t\t<div class=\"elementor-post__text\">\n\t\t\t\t<h3 class=\"elementor-post__title\">\n\t\t\t<a href=\"https:\/\/www.settdagarna.se\/sv\/2026\/03\/31\/undervisning-i-en-digital-tid-fran-osakerhet-till-medvetna-arbetssatt\/\" >\n\t\t\t\tUndervisning i en digital tid \u2013 fr\u00e5n os\u00e4kerhet till medvetna arbetss\u00e4tt\t\t\t<\/a>\n\t\t<\/h3>\n\t\t        <a href=\"https:\/\/www.settdagarna.se\/sv\/2026\/03\/31\/undervisning-i-en-digital-tid-fran-osakerhet-till-medvetna-arbetssatt\/\" class=\"elementor-post__excerpt\">\n            <p>Programpunkter om: Undervisning i en digital tid \u2013 fr\u00e5n os\u00e4kerhet till medvetna arbetss\u00e4tt AI och digitala verktyg \u00e4r redan en sj\u00e4lvklar del av elevernas vardag.<\/p>\n        <\/a>\n        \n\t\t<a class=\"elementor-post__read-more\" href=\"https:\/\/www.settdagarna.se\/sv\/2026\/03\/31\/undervisning-i-en-digital-tid-fran-osakerhet-till-medvetna-arbetssatt\/\" aria-label=\"Read more about Undervisning i en digital tid \u2013 fr\u00e5n os\u00e4kerhet till medvetna arbetss\u00e4tt\" tabindex=\"-1\" >\n\t\t\tL\u00e4s mer \u00bb\t\t<\/a>\n\n\t\t        <div class=\"elementor-post__meta-data\">\n            \t\t<span class=\"elementor-post-date\">\n\t\t\tmars 31, 2026\t\t<\/span>\n\t\t        <\/div>\n        \t\t<\/div>\n\t\t\t\t\t<\/div>\n\t\t<\/article>\n\t\t\t\t<\/div>\n\t\t\n\t\t\t\t\t\t<\/div>\n\t\t\t\t<\/div>\n\t\t\t\t\t<\/div>\n\t\t<\/div>\n\t\t\t\t\t<\/div>\n\t\t<\/section>\n\t\t\t\t<\/div>\n\t\t","protected":false},"excerpt":{"rendered":"<p class=\"MsoNormal\">Har du funderat \u00f6ver vilka f\u00f6rm\u00e5gor och kompetenser som en riktigt god probleml\u00f6sare beh\u00f6ver? \u00c4r det f\u00f6rm\u00e5gan att analysera, att se samband och kunna dra slutsatser i nya situationer? \u00c4r det f\u00f6rm\u00e5gan att kunna r\u00e4kna, anv\u00e4nda olika formler och metoder, eller handlar det fr\u00e4mst om att t\u00e4nka nytt och vara kreativ?<\/p>\n","protected":false},"author":314,"featured_media":12921,"comment_status":"open","ping_status":"open","sticky":false,"template":"elementor_header_footer","format":"standard","meta":{"_seopress_robots_primary_cat":"none","_seopress_titles_title":"Vilka f\u00f6rm\u00e5gor beh\u00f6ver en riktigt god probleml\u00f6sare?","_seopress_titles_desc":"Har du funderat \u00f6ver vilka f\u00f6rm\u00e5gor och kompetenser som en riktigt god probleml\u00f6sare beh\u00f6ver? \u00c4r det f\u00f6rm\u00e5gan att analysera, att se samband och kunna dra slutsatser i nya situationer? \u00c4r det f\u00f6rm\u00e5gan att kunna r\u00e4kna, anv\u00e4nda olika formler och metoder, eller handlar det fr\u00e4mst om att t\u00e4nka nytt och vara kreativ?","_seopress_robots_index":"","footnotes":""},"categories":[366],"tags":[],"edition":[],"class_list":["post-12920","post","type-post","status-publish","format-standard","has-post-thumbnail","hentry","category-talare"],"_links":{"self":[{"href":"https:\/\/www.settdagarna.se\/sv\/wp-json\/wp\/v2\/posts\/12920","targetHints":{"allow":["GET"]}}],"collection":[{"href":"https:\/\/www.settdagarna.se\/sv\/wp-json\/wp\/v2\/posts"}],"about":[{"href":"https:\/\/www.settdagarna.se\/sv\/wp-json\/wp\/v2\/types\/post"}],"author":[{"embeddable":true,"href":"https:\/\/www.settdagarna.se\/sv\/wp-json\/wp\/v2\/users\/314"}],"replies":[{"embeddable":true,"href":"https:\/\/www.settdagarna.se\/sv\/wp-json\/wp\/v2\/comments?post=12920"}],"version-history":[{"count":5,"href":"https:\/\/www.settdagarna.se\/sv\/wp-json\/wp\/v2\/posts\/12920\/revisions"}],"predecessor-version":[{"id":93897,"href":"https:\/\/www.settdagarna.se\/sv\/wp-json\/wp\/v2\/posts\/12920\/revisions\/93897"}],"wp:featuredmedia":[{"embeddable":true,"href":"https:\/\/www.settdagarna.se\/sv\/wp-json\/wp\/v2\/media\/12921"}],"wp:attachment":[{"href":"https:\/\/www.settdagarna.se\/sv\/wp-json\/wp\/v2\/media?parent=12920"}],"wp:term":[{"taxonomy":"category","embeddable":true,"href":"https:\/\/www.settdagarna.se\/sv\/wp-json\/wp\/v2\/categories?post=12920"},{"taxonomy":"post_tag","embeddable":true,"href":"https:\/\/www.settdagarna.se\/sv\/wp-json\/wp\/v2\/tags?post=12920"},{"taxonomy":"edition","embeddable":true,"href":"https:\/\/www.settdagarna.se\/sv\/wp-json\/wp\/v2\/edition?post=12920"}],"curies":[{"name":"wp","href":"https:\/\/api.w.org\/{rel}","templated":true}]}}